{"id":58264,"date":"2009-05-04T14:50:54","date_gmt":"2009-05-04T12:50:54","guid":{"rendered":"http:\/\/www.ivg.it\/2009\/05\/04\/savona-esteso-lorario-di-apertura-delle-farmacie\/"},"modified":"2009-05-05T12:23:59","modified_gmt":"2009-05-05T10:23:59","slug":"savona-esteso-lorario-di-apertura-delle-farmacie","status":"publish","type":"post","link":"https:\/\/staging.ivg.it\/2009\/05\/savona-esteso-lorario-di-apertura-delle-farmacie\/","title":{"rendered":"Savona, esteso l&#8217;orario di apertura delle farmacie"},"content":{"rendered":"<p>[thumb:12000:l]<strong>Savona. <\/strong>L&#8217;amministrazione comunale savonese ha esteso fino a 52 ore settimanali facoltative l&#8217;orario di apertura delle farmacie. A deciderlo \u00e8 stato il sindaco Federico Berruti, d&#8217;intesa con l&#8217;assessore al commercio Franco Aglietto. Il primo cittadino ha poi commentato: &#8220;Esprimo la mia soddisfazione per un documento che \u00e8 il frutto di un accordo condiviso con Ordine dei farmacisti, Federfarma e Asl 2 . E&#8217; un tema che da tempo era alla nostra attenzione. Gi\u00e0 nel 2008 l&#8217;orario di apertura facoltativa era stato esteso da 40 a 45 ore settimanali e, successivamente, il consiglio comunale si era espresso positivamente su un ordine del giorno favorevole all&#8217;ulteriore estensione dell&#8217;orario&#8221;.<\/p>\n<p>&#8220;In linea generale \u00e8 un accordo buono per la cittadinanza, andando nella direzione di una citt\u00e0 sempre pi\u00f9 ricettiva&#8221; ha dichiarato Berruti, spiegando ancora: &#8220;In pi\u00f9, grazie ad un ulteriore accordo tra le parti e con la compartecipazione della Croce Bianca, \u00e8 stata istituzionalizzata una disponibilit\u00e0 ad effettuare un servizio di recapito a domicilio dei farmaci per le ricette urgenti nell&#8217;orario tra le 12,30 e le 15,30. Un progetto pilota che verr\u00e0 sperimentato per il resto del 2009&#8221;.<\/p>\n<p>Non dissimile la posizione dell&#8217;assessore Aglietto: &#8220;Ringrazio Asl, Federfarma e Ordine dei farmacisti per l&#8217;accordo raggiunto. Ora l&#8217;auspicio \u00e8 che un cospicuo numero di farmacie possa seguire quanto concordato, nell&#8217;ottica di una liberalizzazione regolarizzata con tutte le parti in causa&#8221;. Il termine per le farmacie per comunicare gli orari di apertura, alla luce della nuova ordinanza, \u00e8 stato fissato al 15 maggio,  ricordando che gli orari potranno essere determinati nella fascia oraria dalle 8 alle 22 nel periodo estivo e dalle ore 8 alle ore 21 nel periodo invernale.<\/p>\n","protected":false},"excerpt":{"rendered":"<p>[thumb:12000:l]Savona. L&#8217;amministrazione comunale savonese ha esteso fino a 52 ore settimanali facoltative l&#8217;orario di apertura delle farmacie. A deciderlo \u00e8 stato il sindaco Federico Berruti, d&#8217;intesa con l&#8217;assessore al commercio Franco Aglietto. Il primo cittadino ha poi commentato: &#8220;Esprimo la mia soddisfazione per un documento che \u00e8 il frutto di un accordo condiviso con Ordine [&hellip;]<\/p>\n","protected":false},"author":13744,"featured_media":0,"comment_status":"open","ping_status":"closed","sticky":false,"template":"","format":"standard","meta":{"footnotes":""},"categories":[56],"tags":[2833,7095,1062,2612,2062,85850,1787],"class_list":["post-58264","post","type-post","status-publish","format-standard","hentry","category-altre","tag-croce-bianca","tag-farmacia","tag-federico-berruti","tag-franco-aglietto","tag-giunta","tag-savona","tag-servizi","post_cat_citta-savona"],"amp_validity":null,"amp_enabled":true,"_links":{"self":[{"href":"https:\/\/staging.ivg.it\/ediapi\/wp\/v2\/posts\/58264","targetHints":{"allow":["GET"]}}],"collection":[{"href":"https:\/\/staging.ivg.it\/ediapi\/wp\/v2\/posts"}],"about":[{"href":"https:\/\/staging.ivg.it\/ediapi\/wp\/v2\/types\/post"}],"author":[{"embeddable":true,"href":"https:\/\/staging.ivg.it\/ediapi\/wp\/v2\/users\/13744"}],"replies":[{"embeddable":true,"href":"https:\/\/staging.ivg.it\/ediapi\/wp\/v2\/comments?post=58264"}],"version-history":[{"count":0,"href":"https:\/\/staging.ivg.it\/ediapi\/wp\/v2\/posts\/58264\/revisions"}],"wp:attachment":[{"href":"https:\/\/staging.ivg.it\/ediapi\/wp\/v2\/media?parent=58264"}],"wp:term":[{"taxonomy":"category","embeddable":true,"href":"https:\/\/staging.ivg.it\/ediapi\/wp\/v2\/categories?post=58264"},{"taxonomy":"post_tag","embeddable":true,"href":"https:\/\/staging.ivg.it\/ediapi\/wp\/v2\/tags?post=58264"}],"curies":[{"name":"wp","href":"https:\/\/api.w.org\/{rel}","templated":true}]}}