{"id":57961,"date":"2009-04-30T12:33:44","date_gmt":"2009-04-30T10:33:44","guid":{"rendered":"http:\/\/www.ivg.it\/2009\/04\/30\/savona-presentazione-dellultimo-libro-di-carlo-rognoni\/"},"modified":"2009-04-30T12:33:44","modified_gmt":"2009-04-30T10:33:44","slug":"savona-presentazione-dellultimo-libro-di-carlo-rognoni","status":"publish","type":"post","link":"https:\/\/staging.ivg.it\/2009\/04\/savona-presentazione-dellultimo-libro-di-carlo-rognoni\/","title":{"rendered":"Savona, presentazione dell&#8217;ultimo libro di Carlo Rognoni"},"content":{"rendered":"<p><strong>[thumb:11971:l]Savona<\/strong>. &#8220;Rai, addio. Memorie di un ex consigliere&#8221; \u00e8 il titolo del libro di Carlo Rognoni che verr\u00e0 presentato da Carlo Freccero e Luca Guzzetti luned\u00ec 4 maggio alle ore 15,30 al Campus Universitario di Savona in Palazzina Branca nell&#8217;aula B1. La giornata sar\u00e0 presieduta da Augusta Molinari.<\/p>\n<p>Carlo Rognoni \u00e8 stato consigliere di amministrazione della Rai dal giugno 2005 al febbraio 2009. E&#8217; giornalista, ex direttore di Panorama, Epoca, Il Secolo XIX. E&#8217; stato parlamentare dal 1992 al 2005, ricoprendo la carica di vicepresidente del Senato per due legislature. Sul tema della televisione in Italia ha pubblicato anche &#8220;Inferno TV. Berlusconi e la legge Gasparri&#8221; (Tropea, 2003) e, con Stefania Ercolani, &#8220;Da mamma Rai alla TV fai da te. Guida alla televisione di domani&#8221; (Rai Eri, 2009).<\/p>\n","protected":false},"excerpt":{"rendered":"<p>[thumb:11971:l]Savona. &#8220;Rai, addio. Memorie di un ex consigliere&#8221; \u00e8 il titolo del libro di Carlo Rognoni che verr\u00e0 presentato da Carlo Freccero e Luca Guzzetti luned\u00ec 4 maggio alle ore 15,30 al Campus Universitario di Savona in Palazzina Branca nell&#8217;aula B1. La giornata sar\u00e0 presieduta da Augusta Molinari. Carlo Rognoni \u00e8 stato consigliere di amministrazione [&hellip;]<\/p>\n","protected":false},"author":13744,"featured_media":0,"comment_status":"open","ping_status":"closed","sticky":false,"template":"","format":"standard","meta":{"footnotes":""},"categories":[],"tags":[1828,2417,1669,2844,85850],"class_list":["post-57961","post","type-post","status-publish","format-standard","hentry","tag-campus","tag-libro","tag-presentazione","tag-rai","tag-savona","post_cat_citta-savona"],"amp_validity":null,"amp_enabled":true,"_links":{"self":[{"href":"https:\/\/staging.ivg.it\/ediapi\/wp\/v2\/posts\/57961","targetHints":{"allow":["GET"]}}],"collection":[{"href":"https:\/\/staging.ivg.it\/ediapi\/wp\/v2\/posts"}],"about":[{"href":"https:\/\/staging.ivg.it\/ediapi\/wp\/v2\/types\/post"}],"author":[{"embeddable":true,"href":"https:\/\/staging.ivg.it\/ediapi\/wp\/v2\/users\/13744"}],"replies":[{"embeddable":true,"href":"https:\/\/staging.ivg.it\/ediapi\/wp\/v2\/comments?post=57961"}],"version-history":[{"count":0,"href":"https:\/\/staging.ivg.it\/ediapi\/wp\/v2\/posts\/57961\/revisions"}],"wp:attachment":[{"href":"https:\/\/staging.ivg.it\/ediapi\/wp\/v2\/media?parent=57961"}],"wp:term":[{"taxonomy":"category","embeddable":true,"href":"https:\/\/staging.ivg.it\/ediapi\/wp\/v2\/categories?post=57961"},{"taxonomy":"post_tag","embeddable":true,"href":"https:\/\/staging.ivg.it\/ediapi\/wp\/v2\/tags?post=57961"}],"curies":[{"name":"wp","href":"https:\/\/api.w.org\/{rel}","templated":true}]}}