{"id":57858,"date":"2009-04-29T16:42:47","date_gmt":"2009-04-29T14:42:47","guid":{"rendered":"http:\/\/www.ivg.it\/2009\/04\/29\/pietro-oliva-dichiarato-ineleggibile-in-appello-sentenza-esecutiva\/"},"modified":"2009-04-30T10:03:13","modified_gmt":"2009-04-30T08:03:13","slug":"pietro-oliva-dichiarato-ineleggibile-in-appello-sentenza-esecutiva","status":"publish","type":"post","link":"https:\/\/staging.ivg.it\/2009\/04\/pietro-oliva-dichiarato-ineleggibile-in-appello-sentenza-esecutiva\/","title":{"rendered":"Pietro Oliva dichiarato ineleggibile in appello: sentenza esecutiva"},"content":{"rendered":"<p><strong>[thumb:8903:l]Regione<\/strong>. La battaglia fra Pietro Oliva e Graziano Falciani per lo scranno nel consiglio regionale volge a favore del secondo dei due. Dopo la sentenza di primo grado del tribunale civile, anche la corte d&#8217;appello di Genova ha invalidato l&#8217;elezione del loanese Oliva, esponente del Pdl, primo dei non eletti a Savona subentrato al senatore Franco Orsi.<\/p>\n<p>Si tratta questa volta di una sentenza esecutiva, che annulla la delibera di convalida dell&#8217;elezione di Oliva. Gli uffici del consiglio regionale hanno ricevuto nel pomeriggio la comunicazione della sentenza e ora avvieranno la procedura per l&#8217;automatico cambio di consegne tra i due. <\/p>\n<p>Il consigliere uscente &#8211; viene evidenziato in via Fieschi &#8211; ha svolto in modo legittimo in questi ultimi mesi la sua funzione e ora in base alla sentenza decade dalla carica. Il nuovo consigliere, in carica a partire da oggi sulla base della decisione della corte d&#8217;appello, entra nella funzione in modo automatico senza potere rivendicare, viene ancora evidenziato, alcun diritto pregresso. <\/p>\n<p>La corte d&#8217;appello ha dunque confermato la sentenza di primo grado del febbraio scorso, dando ragione a Falciani, candidato piazzatosi subito dietro all&#8217;ex segretario provinciale di Forza Italia. All&#8217;ingresso del loanese in consiglio regionale, Falciani aveva opposto ricorso contestando l&#8217;ineleggibilit\u00e0 del collega di partito perch\u00e9 membro del consiglio d&#8217;amministrazione di Filse, societ\u00e0 strumentale della Regione.<\/p>\n","protected":false},"excerpt":{"rendered":"<p>[thumb:8903:l]Regione. La battaglia fra Pietro Oliva e Graziano Falciani per lo scranno nel consiglio regionale volge a favore del secondo dei due. Dopo la sentenza di primo grado del tribunale civile, anche la corte d&#8217;appello di Genova ha invalidato l&#8217;elezione del loanese Oliva, esponente del Pdl, primo dei non eletti a Savona subentrato al senatore [&hellip;]<\/p>\n","protected":false},"author":5,"featured_media":0,"comment_status":"open","ping_status":"closed","sticky":false,"template":"","format":"standard","meta":{"footnotes":""},"categories":[31],"tags":[6126,1752,216,294,295,3887],"class_list":["post-57858","post","type-post","status-publish","format-standard","hentry","category-politica","tag-appello","tag-consiglio-regionale","tag-pdl","tag-pietro-oliva","tag-regione","tag-sentenza","post_cat_citta-andora","post_cat_citta-loano"],"amp_validity":null,"amp_enabled":true,"_links":{"self":[{"href":"https:\/\/staging.ivg.it\/ediapi\/wp\/v2\/posts\/57858","targetHints":{"allow":["GET"]}}],"collection":[{"href":"https:\/\/staging.ivg.it\/ediapi\/wp\/v2\/posts"}],"about":[{"href":"https:\/\/staging.ivg.it\/ediapi\/wp\/v2\/types\/post"}],"author":[{"embeddable":true,"href":"https:\/\/staging.ivg.it\/ediapi\/wp\/v2\/users\/5"}],"replies":[{"embeddable":true,"href":"https:\/\/staging.ivg.it\/ediapi\/wp\/v2\/comments?post=57858"}],"version-history":[{"count":0,"href":"https:\/\/staging.ivg.it\/ediapi\/wp\/v2\/posts\/57858\/revisions"}],"wp:attachment":[{"href":"https:\/\/staging.ivg.it\/ediapi\/wp\/v2\/media?parent=57858"}],"wp:term":[{"taxonomy":"category","embeddable":true,"href":"https:\/\/staging.ivg.it\/ediapi\/wp\/v2\/categories?post=57858"},{"taxonomy":"post_tag","embeddable":true,"href":"https:\/\/staging.ivg.it\/ediapi\/wp\/v2\/tags?post=57858"}],"curies":[{"name":"wp","href":"https:\/\/api.w.org\/{rel}","templated":true}]}}