{"id":57799,"date":"2009-04-29T10:06:36","date_gmt":"2009-04-29T08:06:36","guid":{"rendered":"http:\/\/www.ivg.it\/?p=57799"},"modified":"2009-04-29T10:06:36","modified_gmt":"2009-04-29T08:06:36","slug":"nasce-lassociazione-giovanile-bealbissola","status":"publish","type":"post","link":"https:\/\/staging.ivg.it\/2009\/04\/nasce-lassociazione-giovanile-bealbissola\/","title":{"rendered":"Nasce l&#8217;associazione giovanile &#8220;Be&#8230;Albissola&#8221;"},"content":{"rendered":"<p><strong>[thumb:287:l]Albissola Marina<\/strong>. Gioved\u00ec 30 aprile vedr\u00e0 la luce &#8220;Be&#8230;Albissola&#8221;, associazione giovanile albissolese che si proporr\u00e0 di abbattere le barriere generazionali sul territorio tramite servizi di volontariato e l&#8217;organizzazione di eventi culturali. Non mancheranno inoltre servizi per i giovani, per cui sono allo studio organizzazioni di eventi e convenzioni con le attivit\u00e0 commerciali.<\/p>\n<p>&#8220;L&#8217;apartiticit\u00e0 del nostro progetto garantisce cos\u00ec un humus ideale per una partecipazione attiva e la creazione di un senso civico nei giovani estraneo alle ideologie di ogni colore: ci\u00f2 permetter\u00e0 infatti la possibilit\u00e0 di un rinnovamento delle idee e dei contenuti nella programmazione del futuro della nostra societ\u00e0&#8221; dicono i promotori.<\/p>\n<p>Parteciperanno all&#8217;evento celebrativo dell&#8217;associazione il sindaco Stefano Parodi e il direttore della Camera di Commercio di Savona, Maurizio Scajola, ma non si escludono le presenze dei rappresentanti politici albissolesi e liguri in Parlamento. Sono invitati tutti gli albissolesi dai 16 ai 30 anni alle ore 18 presso i locali della &#8220;Santa Cecilia&#8221; in via Stefano Grosso 61 in Albissola Marina per i lavori di assemblea costituente con possibilit\u00e0 di iscriversi come soci fondatori.<\/p>\n<p>L&#8217;associazione invita gli interessati alle ore 21 presso i &#8220;Soleluna Beach&#8221; dove si terr\u00e0 un rinfresco e avverranno gli interventi delle autorit\u00e0 invitate nonch\u00e9 la presentazione degli scopi dell&#8217;associazione. Dalle 23 l&#8217;evento diverr\u00e0 festa danzante.<\/p>\n","protected":false},"excerpt":{"rendered":"<p>[thumb:287:l]Albissola Marina. Gioved\u00ec 30 aprile vedr\u00e0 la luce &#8220;Be&#8230;Albissola&#8221;, associazione giovanile albissolese che si proporr\u00e0 di abbattere le barriere generazionali sul territorio tramite servizi di volontariato e l&#8217;organizzazione di eventi culturali. Non mancheranno inoltre servizi per i giovani, per cui sono allo studio organizzazioni di eventi e convenzioni con le attivit\u00e0 commerciali. &#8220;L&#8217;apartiticit\u00e0 del nostro [&hellip;]<\/p>\n","protected":false},"author":13744,"featured_media":0,"comment_status":"open","ping_status":"closed","sticky":false,"template":"","format":"standard","meta":{"footnotes":""},"categories":[],"tags":[86007,2956],"class_list":["post-57799","post","type-post","status-publish","format-standard","hentry","tag-albissola-marina","tag-associazione","post_cat_citta-albissola-marina"],"amp_validity":null,"amp_enabled":true,"_links":{"self":[{"href":"https:\/\/staging.ivg.it\/ediapi\/wp\/v2\/posts\/57799","targetHints":{"allow":["GET"]}}],"collection":[{"href":"https:\/\/staging.ivg.it\/ediapi\/wp\/v2\/posts"}],"about":[{"href":"https:\/\/staging.ivg.it\/ediapi\/wp\/v2\/types\/post"}],"author":[{"embeddable":true,"href":"https:\/\/staging.ivg.it\/ediapi\/wp\/v2\/users\/13744"}],"replies":[{"embeddable":true,"href":"https:\/\/staging.ivg.it\/ediapi\/wp\/v2\/comments?post=57799"}],"version-history":[{"count":0,"href":"https:\/\/staging.ivg.it\/ediapi\/wp\/v2\/posts\/57799\/revisions"}],"wp:attachment":[{"href":"https:\/\/staging.ivg.it\/ediapi\/wp\/v2\/media?parent=57799"}],"wp:term":[{"taxonomy":"category","embeddable":true,"href":"https:\/\/staging.ivg.it\/ediapi\/wp\/v2\/categories?post=57799"},{"taxonomy":"post_tag","embeddable":true,"href":"https:\/\/staging.ivg.it\/ediapi\/wp\/v2\/tags?post=57799"}],"curies":[{"name":"wp","href":"https:\/\/api.w.org\/{rel}","templated":true}]}}