{"id":57798,"date":"2009-04-29T10:00:08","date_gmt":"2009-04-29T08:00:08","guid":{"rendered":"http:\/\/www.ivg.it\/2009\/04\/29\/albisola-due-iniziative-nellambito-della-settimana-della-cultura\/"},"modified":"2009-04-29T10:00:08","modified_gmt":"2009-04-29T08:00:08","slug":"albisola-due-iniziative-nellambito-della-settimana-della-cultura","status":"publish","type":"post","link":"https:\/\/staging.ivg.it\/2009\/04\/albisola-due-iniziative-nellambito-della-settimana-della-cultura\/","title":{"rendered":"Albisola, due iniziative nell&#8217;ambito della Settimana della cultura"},"content":{"rendered":"<p><strong>[thumb:581:l]Albisola Superiore<\/strong>. Le iniziative previste ad Albisola Superiore nell&#8217;ambito dell&#8217;undicesima edizione della &#8220;Settimana della cultura&#8221;, promossa dal Ministero dei Beni e delle Attivit\u00e0 Culturali, proseguono con due appuntamenti previsti per gioved\u00ec 30 aprile. La partecipazione alle due iniziative \u00e8 gratuita.<\/p>\n<p>Dalle 11,30 alle 12,30 avr\u00e0 luogo una visita guidata all&#8217;area archeologica &#8220;Alba Docilia&#8221;, in piazza Giulio II, a cura di Francesca Bulgarelli della Soprintendenza per i Beni Archeologici della Liguria.<\/p>\n<p>Alle 17,00, nell&#8217;edificio delle ex scuole San Pietro, incontro sul tema &#8220;La necropoli pre-romana di Albisola Superiore. Lavori in corso&#8221;. Nell&#8217;incontro la relatrice, Francesca Bulgarelli, illustrer\u00e0 gli studi, attualmente in corso, relativi ai reperti rinvenuti durante i lavori di scavo preventivi alla realizzazione della nuova sede dell&#8217;associazione Alpini, volti a ricostruire, attraverso gli interventi di restauro, i corredi funerari prelevati dalle tombe che potranno offrire utili informazioni per ricostruire il popolamento di Albisola nell&#8217;antichit\u00e0 sotto l&#8217;aspetto cronologico e culturale.<\/p>\n","protected":false},"excerpt":{"rendered":"<p>[thumb:581:l]Albisola Superiore. Le iniziative previste ad Albisola Superiore nell&#8217;ambito dell&#8217;undicesima edizione della &#8220;Settimana della cultura&#8221;, promossa dal Ministero dei Beni e delle Attivit\u00e0 Culturali, proseguono con due appuntamenti previsti per gioved\u00ec 30 aprile. La partecipazione alle due iniziative \u00e8 gratuita. Dalle 11,30 alle 12,30 avr\u00e0 luogo una visita guidata all&#8217;area archeologica &#8220;Alba Docilia&#8221;, in piazza [&hellip;]<\/p>\n","protected":false},"author":13744,"featured_media":0,"comment_status":"open","ping_status":"closed","sticky":false,"template":"","format":"standard","meta":{"footnotes":""},"categories":[],"tags":[432,2389,8870],"class_list":["post-57798","post","type-post","status-publish","format-standard","hentry","tag-albisola","tag-archeologia","tag-settimana-della-cultura","post_cat_citta-albisola-superiore"],"amp_validity":null,"amp_enabled":true,"_links":{"self":[{"href":"https:\/\/staging.ivg.it\/ediapi\/wp\/v2\/posts\/57798","targetHints":{"allow":["GET"]}}],"collection":[{"href":"https:\/\/staging.ivg.it\/ediapi\/wp\/v2\/posts"}],"about":[{"href":"https:\/\/staging.ivg.it\/ediapi\/wp\/v2\/types\/post"}],"author":[{"embeddable":true,"href":"https:\/\/staging.ivg.it\/ediapi\/wp\/v2\/users\/13744"}],"replies":[{"embeddable":true,"href":"https:\/\/staging.ivg.it\/ediapi\/wp\/v2\/comments?post=57798"}],"version-history":[{"count":0,"href":"https:\/\/staging.ivg.it\/ediapi\/wp\/v2\/posts\/57798\/revisions"}],"wp:attachment":[{"href":"https:\/\/staging.ivg.it\/ediapi\/wp\/v2\/media?parent=57798"}],"wp:term":[{"taxonomy":"category","embeddable":true,"href":"https:\/\/staging.ivg.it\/ediapi\/wp\/v2\/categories?post=57798"},{"taxonomy":"post_tag","embeddable":true,"href":"https:\/\/staging.ivg.it\/ediapi\/wp\/v2\/tags?post=57798"}],"curies":[{"name":"wp","href":"https:\/\/api.w.org\/{rel}","templated":true}]}}