{"id":57740,"date":"2009-04-28T17:09:22","date_gmt":"2009-04-28T15:09:22","guid":{"rendered":"http:\/\/www.ivg.it\/?p=57740"},"modified":"2009-04-28T17:46:31","modified_gmt":"2009-04-28T15:46:31","slug":"primo-maggio-ad-albenga-il-messaggio-del-sindaco-tabbo","status":"publish","type":"post","link":"https:\/\/staging.ivg.it\/2009\/04\/primo-maggio-ad-albenga-il-messaggio-del-sindaco-tabbo\/","title":{"rendered":"Primo Maggio ad Albenga: il messaggio del sindaco Tabb\u00f2"},"content":{"rendered":"<p><strong>[thumb:6997:l]Albenga.<\/strong> Festa del Primo Maggio ad Albenga. Il programma della giornata prevede alle ore 10 il raduno in Piazza del Popolo, e a seguire il comizio ed il corteo nelle principali vie cittadine. Alle ore 15, sul Lungomare, si terr\u00e0 la Festa della Musica.<\/p>\n<p>&#8220;E&#8217; convinzione di questa amministrazione che il primo maggio debba essere condiviso da ogni persona che intenda il lavoro come momento di realizzazione per s\u00e9 e per gli altri &#8211; commenta il sindaco Antonello Tabb\u00f2 -. Il riconoscimento del ruolo di tutti coloro che lavorano e producono, senza dimenticare coloro che sono emarginati o esclusi dal mondo del lavoro, comporta l&#8217;affermazione della dignit\u00e0 umana e sociale. Con questo auspicio, ogni difficolt\u00e0, ogni incomprensione ed ogni equivoco potranno essere superati, confermando per l&#8217;Italia il giusto ruolo che riveste a livello europeo e mondiale&#8221;.<\/p>\n<p>Il primo cittadino albenganese conclude cos\u00ec il suo messaggio: &#8220;In seguito al tragico terremoto che ha colpito l&#8217;Abruzzo e alla drammatica e sconcertante vicenda che ha interessato la nostra citt\u00e0 provocando inquietudini ed angosce anche su un futuro che pu\u00f2 essere considerato tale solo se basato sulla solidariet\u00e0 e l&#8217;amicizia, auspico che questo primo maggio possa essere vissuto unitariamente con serenit\u00e0, quale momento per sentirsi maggiormente uniti e solidali soprattutto con chi \u00e8 in difficolt\u00e0&#8221;.<\/p>\n","protected":false},"excerpt":{"rendered":"<p>[thumb:6997:l]Albenga. Festa del Primo Maggio ad Albenga. Il programma della giornata prevede alle ore 10 il raduno in Piazza del Popolo, e a seguire il comizio ed il corteo nelle principali vie cittadine. Alle ore 15, sul Lungomare, si terr\u00e0 la Festa della Musica. &#8220;E&#8217; convinzione di questa amministrazione che il primo maggio debba essere [&hellip;]<\/p>\n","protected":false},"author":13744,"featured_media":0,"comment_status":"open","ping_status":"closed","sticky":false,"template":"","format":"standard","meta":{"footnotes":""},"categories":[],"tags":[8383,85841,853,558,369,1248,798,3040],"class_list":["post-57740","post","type-post","status-publish","format-standard","hentry","tag-abruzzo","tag-albenga","tag-albenganese","tag-antonello-tabbo","tag-festa","tag-piazza-del-popolo","tag-solidarieta","tag-terremoto","post_cat_citta-albenga","post_cat_citta-andora"],"amp_validity":null,"amp_enabled":true,"_links":{"self":[{"href":"https:\/\/staging.ivg.it\/ediapi\/wp\/v2\/posts\/57740","targetHints":{"allow":["GET"]}}],"collection":[{"href":"https:\/\/staging.ivg.it\/ediapi\/wp\/v2\/posts"}],"about":[{"href":"https:\/\/staging.ivg.it\/ediapi\/wp\/v2\/types\/post"}],"author":[{"embeddable":true,"href":"https:\/\/staging.ivg.it\/ediapi\/wp\/v2\/users\/13744"}],"replies":[{"embeddable":true,"href":"https:\/\/staging.ivg.it\/ediapi\/wp\/v2\/comments?post=57740"}],"version-history":[{"count":0,"href":"https:\/\/staging.ivg.it\/ediapi\/wp\/v2\/posts\/57740\/revisions"}],"wp:attachment":[{"href":"https:\/\/staging.ivg.it\/ediapi\/wp\/v2\/media?parent=57740"}],"wp:term":[{"taxonomy":"category","embeddable":true,"href":"https:\/\/staging.ivg.it\/ediapi\/wp\/v2\/categories?post=57740"},{"taxonomy":"post_tag","embeddable":true,"href":"https:\/\/staging.ivg.it\/ediapi\/wp\/v2\/tags?post=57740"}],"curies":[{"name":"wp","href":"https:\/\/api.w.org\/{rel}","templated":true}]}}