{"id":57730,"date":"2009-04-28T16:37:34","date_gmt":"2009-04-28T14:37:34","guid":{"rendered":"http:\/\/www.ivg.it\/2009\/04\/28\/pietra-l-rifiuti-raccolta-differenziata-al-36\/"},"modified":"2009-04-29T08:28:45","modified_gmt":"2009-04-29T06:28:45","slug":"pietra-l-rifiuti-raccolta-differenziata-al-36","status":"publish","type":"post","link":"https:\/\/staging.ivg.it\/2009\/04\/pietra-l-rifiuti-raccolta-differenziata-al-36\/","title":{"rendered":"Pietra, raccolta differenziata al 36%: entro l&#8217;anno nuovo Eco-centro"},"content":{"rendered":"<p><strong>[thumb:8489:l]Pietra Ligure.<\/strong> Positivo il bilancio del nuovo sistema di raccolta differenziata dei rifiuti a Pietra Ligure, a circa un anno dalla sua attivazione sul territorio cittadino. La percentuale di raccolta differenziata ha infatti raggiunto il 36%, secondo i dati ufficiali dell&#8217;ultimo trimestre 2008.<\/p>\n<p>Il Comune offre un servizio semi-domiciliare in tutto il concentrico cittadino, incentivando anche la pratica del compostaggio domestico, con l&#8217;obiettivo di adeguarsi agli obiettivi strategici posti dal &#8220;Piano Provinciale Gestione Rifiuti&#8221; e dalla normativa nazionale per ridurre la quantit\u00e0 di rifiuti conferiti in discarica.<\/p>\n<p>Carta, plastica\/lattine, vetro e rifiuti indifferenziati sono raccolti negli appositi cassonetti &#8220;di prossimit\u00e0&#8221;; per gli scarti organici, il cosiddetto &#8220;umido&#8221;, \u00e8 invece consigliato l&#8217;auto-smaltimento con il compostaggio domestico. Un servizio di raccolta specifico \u00e8 previsto per le utenze non-domestiche. Inoltre sono attive le raccolte domiciliari gratuite del verde e degli ingombranti: mobili, materassi, ecc., da prenotarsi su semplice chiamata telefonica.<\/p>\n<p>In programma, entro l&#8217;anno, la realizzazione del nuovo eco-centro cittadino, recentemente cofinanziato dalla Provincia di Savona.<\/p>\n<p>Il Comune prosegue inoltre nella campagna di informazione e sensibilizzazione dal titolo: &#8220;Insieme verso un nuovo traguardo&#8221;, che vede il pluricampione del mondo di ciclismo Francesco Moser come testimonial d&#8217;eccezione.<\/p>\n","protected":false},"excerpt":{"rendered":"<p>[thumb:8489:l]Pietra Ligure. Positivo il bilancio del nuovo sistema di raccolta differenziata dei rifiuti a Pietra Ligure, a circa un anno dalla sua attivazione sul territorio cittadino. La percentuale di raccolta differenziata ha infatti raggiunto il 36%, secondo i dati ufficiali dell&#8217;ultimo trimestre 2008. Il Comune offre un servizio semi-domiciliare in tutto il concentrico cittadino, incentivando [&hellip;]<\/p>\n","protected":false},"author":1385,"featured_media":0,"comment_status":"open","ping_status":"closed","sticky":false,"template":"","format":"standard","meta":{"footnotes":""},"categories":[],"tags":[3850,6460,354,9222,85830,2219],"class_list":["post-57730","post","type-post","status-publish","format-standard","hentry","tag-compostaggio","tag-compostaggio-domestico","tag-discarica","tag-moser","tag-pietra-ligure","tag-raccolta-differenziata","post_cat_citta-andora","post_cat_citta-pietra-ligure"],"amp_validity":null,"amp_enabled":true,"_links":{"self":[{"href":"https:\/\/staging.ivg.it\/ediapi\/wp\/v2\/posts\/57730","targetHints":{"allow":["GET"]}}],"collection":[{"href":"https:\/\/staging.ivg.it\/ediapi\/wp\/v2\/posts"}],"about":[{"href":"https:\/\/staging.ivg.it\/ediapi\/wp\/v2\/types\/post"}],"author":[{"embeddable":true,"href":"https:\/\/staging.ivg.it\/ediapi\/wp\/v2\/users\/1385"}],"replies":[{"embeddable":true,"href":"https:\/\/staging.ivg.it\/ediapi\/wp\/v2\/comments?post=57730"}],"version-history":[{"count":0,"href":"https:\/\/staging.ivg.it\/ediapi\/wp\/v2\/posts\/57730\/revisions"}],"wp:attachment":[{"href":"https:\/\/staging.ivg.it\/ediapi\/wp\/v2\/media?parent=57730"}],"wp:term":[{"taxonomy":"category","embeddable":true,"href":"https:\/\/staging.ivg.it\/ediapi\/wp\/v2\/categories?post=57730"},{"taxonomy":"post_tag","embeddable":true,"href":"https:\/\/staging.ivg.it\/ediapi\/wp\/v2\/tags?post=57730"}],"curies":[{"name":"wp","href":"https:\/\/api.w.org\/{rel}","templated":true}]}}