{"id":57674,"date":"2009-04-28T10:12:20","date_gmt":"2009-04-28T08:12:20","guid":{"rendered":"http:\/\/www.ivg.it\/2009\/04\/28\/albenga-albanese-e-marocchino-in-manette-per-spaccio\/"},"modified":"2009-04-29T07:50:02","modified_gmt":"2009-04-29T05:50:02","slug":"albenga-albanese-e-marocchino-in-manette-per-spaccio","status":"publish","type":"post","link":"https:\/\/staging.ivg.it\/2009\/04\/albenga-albanese-e-marocchino-in-manette-per-spaccio\/","title":{"rendered":"Albenga, albanese e marocchino in manette per spaccio"},"content":{"rendered":"<p><strong>[thumb:10604:l]Albenga<\/strong>. Due stranieri sono stati arrestati dai carabinieri di Albenga con l&#8217;accusa di detenzione di stupefacenti a fini di spaccio. Si tratta di un ventenne albanese, A.H., e di un marocchino cinquantenne, S.E., entrambi regolari sul territorio. Ieri sera, intorno alle 20, percorrevano viale Liguria, nella zona centrale ingauna, a bordo di una Punto gialla.<\/p>\n<p>Fermati da una pattuglia dell&#8217;Arma per un normale controllo, hanno rivelato evidenti segni di nervosismo. I militari, insospettiti, hanno perquisito la vettura e i due occupanti. Sono saltati fuori 10 grammi di cocaina. La droga \u00e8 stata sequestrata e i due sono stati accompagnati in caserma per le formalit\u00e0 dell&#8217;arresto. Sono ora rinchiusi nel carcere savonese Sant&#8217;Agostino a disposizione dell&#8217;autorit\u00e0 giudiziaria.<\/p>\n","protected":false},"excerpt":{"rendered":"<p>[thumb:10604:l]Albenga. Due stranieri sono stati arrestati dai carabinieri di Albenga con l&#8217;accusa di detenzione di stupefacenti a fini di spaccio. Si tratta di un ventenne albanese, A.H., e di un marocchino cinquantenne, S.E., entrambi regolari sul territorio. Ieri sera, intorno alle 20, percorrevano viale Liguria, nella zona centrale ingauna, a bordo di una Punto gialla. [&hellip;]<\/p>\n","protected":false},"author":5,"featured_media":0,"comment_status":"open","ping_status":"closed","sticky":false,"template":"","format":"standard","meta":{"footnotes":""},"categories":[34],"tags":[85841,666,1045,662,1304],"class_list":["post-57674","post","type-post","status-publish","format-standard","hentry","category-cronaca","tag-albenga","tag-arresto","tag-cocaina","tag-droga","tag-spaccio","post_cat_citta-albenga"],"amp_validity":null,"amp_enabled":true,"_links":{"self":[{"href":"https:\/\/staging.ivg.it\/ediapi\/wp\/v2\/posts\/57674","targetHints":{"allow":["GET"]}}],"collection":[{"href":"https:\/\/staging.ivg.it\/ediapi\/wp\/v2\/posts"}],"about":[{"href":"https:\/\/staging.ivg.it\/ediapi\/wp\/v2\/types\/post"}],"author":[{"embeddable":true,"href":"https:\/\/staging.ivg.it\/ediapi\/wp\/v2\/users\/5"}],"replies":[{"embeddable":true,"href":"https:\/\/staging.ivg.it\/ediapi\/wp\/v2\/comments?post=57674"}],"version-history":[{"count":0,"href":"https:\/\/staging.ivg.it\/ediapi\/wp\/v2\/posts\/57674\/revisions"}],"wp:attachment":[{"href":"https:\/\/staging.ivg.it\/ediapi\/wp\/v2\/media?parent=57674"}],"wp:term":[{"taxonomy":"category","embeddable":true,"href":"https:\/\/staging.ivg.it\/ediapi\/wp\/v2\/categories?post=57674"},{"taxonomy":"post_tag","embeddable":true,"href":"https:\/\/staging.ivg.it\/ediapi\/wp\/v2\/tags?post=57674"}],"curies":[{"name":"wp","href":"https:\/\/api.w.org\/{rel}","templated":true}]}}