{"id":57669,"date":"2009-04-28T08:40:01","date_gmt":"2009-04-28T06:40:01","guid":{"rendered":"http:\/\/www.ivg.it\/2009\/04\/28\/due-squadre-di-volontari-caritas-in-abruzzo\/"},"modified":"2009-04-28T11:29:34","modified_gmt":"2009-04-28T09:29:34","slug":"due-squadre-di-volontari-caritas-in-abruzzo","status":"publish","type":"post","link":"https:\/\/staging.ivg.it\/2009\/04\/due-squadre-di-volontari-caritas-in-abruzzo\/","title":{"rendered":"Due squadre di volontari Caritas in Abruzzo"},"content":{"rendered":"<p><strong>[thumb:11555:l]Savona<\/strong>. La prima squadra \u00e8 scesa ieri e rester\u00e0 fino a domenica. La seconda partir\u00e0 il 5 maggio. Destinazione: l&#8217;Abruzzo, in particolare la zona di Barisciano-Valle di Navelli. Comincia ad entrare nella fase operativa &#8211; dopo la raccolta di fondi del 19 aprile che nella diocesi di Savona ha fruttato 70.000 euro &#8211; l&#8217;intervento della Caritas regionale ligure fra le popolazioni colpite dal terremoto.<\/p>\n<p>&#8220;Dopo i primi contatti in loco realizzati appena dopo Pasqua dalla delegazione regionale delle Caritas liguri &#8211; spiegano presso la Caritas savonese &#8211; \u00e8 maturata l&#8217;idea di inviare nell&#8217;arco di due settimane due piccole squadre con persone esperte per riuscire il pi\u00f9 velocemente possibile ad avviare un lavoro continuativo in loco, individuando i progetti pi\u00f9 opportuni da realizzare insieme alla popolazione abruzzese. Stile della Caritas infatti \u00e8 essere presenti nel medio e lungo termine, affiancare le persone che vivono in loco e ricostruire con loro un futuro migliore. Sar\u00e0 un accompagnamento socio-assistenziale-educativo con una cura particolare alle fasce pi\u00f9 deboli della popolazione: minori, anziani e donne&#8221;.<\/p>\n<p>Le Caritas delle sette diocesi liguri si muoveranno insieme e realizzeranno insieme il proprio intervento. Il territorio nel quale operereranno \u00e8 quello che Caritas italiana in questi giorni affider\u00e0 e che corrisponde alla zona di Barisciano-Valle di Navelli. La prima squadra \u00e8 scesa ieri e rimarr\u00e0 fino a domenica. Gli obiettivi principali della visita (oltre che a recuperare pi\u00f9 informazioni possibili di ogni genere con particolare attenzione alla realt\u00e0 ecclesiale, ai soccorsi in atto e alle possibili evoluzioni) sono:  cercare di individuare il baricentro della zona; iniziare a capire dal punto di vista logistico quali possibili soluzioni per &#8220;insediarsi&#8221;; individuare i riferimenti ecclesiali e civili.<\/p>\n<p>La seconda squadra scender\u00e0 il 5 maggio. &#8220;Se, come speriamo, la prima squadra sar\u00e0 riuscita ad avere i contatti utili, ad aver individuato il baricentro e la scelta logistica pi\u00f9 opportuna &#8211; proseguono in Caritas &#8211; allora la seconda squadra avr\u00e0 come obiettivo principale quello di `stringere&#8217;, per poter insediare il campo ed iniziare attivit\u00e0 continuative a partire dal week end del 16\/17 maggio&#8221;. Il 4 maggio si terr\u00e0 a Genova una riunione con i referenti diocesani, i componenti della prima squadra ed quelli della seconda. Le prime squadre nell&#8217;insediamento definitivo dovranno essere agili, con molteplici competenze e pronte ad un lavoro serrato soprattutto di analisi, monitoraggio e relazione con i riferimenti locali.<\/p>\n","protected":false},"excerpt":{"rendered":"<p>[thumb:11555:l]Savona. La prima squadra \u00e8 scesa ieri e rester\u00e0 fino a domenica. La seconda partir\u00e0 il 5 maggio. Destinazione: l&#8217;Abruzzo, in particolare la zona di Barisciano-Valle di Navelli. Comincia ad entrare nella fase operativa &#8211; dopo la raccolta di fondi del 19 aprile che nella diocesi di Savona ha fruttato 70.000 euro &#8211; l&#8217;intervento della [&hellip;]<\/p>\n","protected":false},"author":13744,"featured_media":0,"comment_status":"open","ping_status":"closed","sticky":false,"template":"","format":"standard","meta":{"footnotes":""},"categories":[],"tags":[8383,1078,85850,3040,3587],"class_list":["post-57669","post","type-post","status-publish","format-standard","hentry","tag-abruzzo","tag-caritas","tag-savona","tag-terremoto","tag-volontari","post_cat_citta-andora","post_cat_citta-savona"],"amp_validity":null,"amp_enabled":true,"_links":{"self":[{"href":"https:\/\/staging.ivg.it\/ediapi\/wp\/v2\/posts\/57669","targetHints":{"allow":["GET"]}}],"collection":[{"href":"https:\/\/staging.ivg.it\/ediapi\/wp\/v2\/posts"}],"about":[{"href":"https:\/\/staging.ivg.it\/ediapi\/wp\/v2\/types\/post"}],"author":[{"embeddable":true,"href":"https:\/\/staging.ivg.it\/ediapi\/wp\/v2\/users\/13744"}],"replies":[{"embeddable":true,"href":"https:\/\/staging.ivg.it\/ediapi\/wp\/v2\/comments?post=57669"}],"version-history":[{"count":0,"href":"https:\/\/staging.ivg.it\/ediapi\/wp\/v2\/posts\/57669\/revisions"}],"wp:attachment":[{"href":"https:\/\/staging.ivg.it\/ediapi\/wp\/v2\/media?parent=57669"}],"wp:term":[{"taxonomy":"category","embeddable":true,"href":"https:\/\/staging.ivg.it\/ediapi\/wp\/v2\/categories?post=57669"},{"taxonomy":"post_tag","embeddable":true,"href":"https:\/\/staging.ivg.it\/ediapi\/wp\/v2\/tags?post=57669"}],"curies":[{"name":"wp","href":"https:\/\/api.w.org\/{rel}","templated":true}]}}