{"id":57641,"date":"2009-04-27T18:31:30","date_gmt":"2009-04-27T16:31:30","guid":{"rendered":"http:\/\/www.ivg.it\/2009\/04\/27\/attentato-razzista-ad-albenga-altri-commenti\/"},"modified":"2009-04-28T07:54:29","modified_gmt":"2009-04-28T05:54:29","slug":"attentato-razzista-ad-albenga-altri-commenti","status":"publish","type":"post","link":"https:\/\/staging.ivg.it\/2009\/04\/attentato-razzista-ad-albenga-altri-commenti\/","title":{"rendered":"Attentato razzista ad Albenga: altri commenti"},"content":{"rendered":"<p><strong>[thumb:11919:l]Albenga.<\/strong> Di seguito proponiamo una serie di commenti in merito all&#8217;attentato razzista avvenuto ad Albenga. Intanto migliorano le condizioni del marocchin0 30enne rimasto intossicato nell&#8217;atto incendiario avvenuto nell&#8217;abitazione degli extracomunitari.<\/p>\n<p>Eraldo Ciangherotti, Presidente del Centro Aiuto Vita ingauno: &#8220;La drammatica vicenda che ha colpito nelle ultime ore la citt\u00e0 di Albenga indica quanto, nell&#8217;educazione dei giovani, si tenga conto soltanto della libert\u00e0 e dell&#8217;autodeterminazione e signori troppo spesso la responsabilizzazione delle giovani generazioni sui valori come il rispetto della dignit\u00e0 della persona umana e del prossimo. Questo episodio di bullismo estremo dagli esiti davvero sconcertanti deve portare ad un empowerment, cio\u00e8 ad un rinforzo e ad una valorizzazione delle risorse della persona e delle abilit\u00e0 di scelte costruttive. La centralit\u00e0 narcisistica deve spostarsi sul tenere conto del rispetto dei diritti altrui, responsabilizzandosi alla ricerca del bene comune, non solo quello narcistico personale. Crediamo che in situazioni di questo tipo &#8211; continua Ciangherotti- non serva puntare il dito contro le mancate implementazione delle Forze dell&#8217;Ordine sul territorio di Albenga ma sia necessario cominciare a sostenere i progetti educativi nelle scuole, nei gruppi di animazione e nelle famiglie, per aiutare i giovani a vivere in una societ\u00e0 meno emarginante, lesionista e distruttiva. In tal senso dall&#8217;amministrazione comunale e dal mondo della politica locale ci aspettiamo che da qui in avanti venga sostenuta tutta la rete supportiva dell&#8217;educazione dei giovani&#8221;.<\/p>\n<p>La Federazione provinciale savonese del PdCI: &#8220;Nell&#8217;esprimere la propria solidariet\u00e0 ad Abdel Aziz Zahiri e a tutta la comunit\u00e0 marocchina di Albenga ribadisce che l&#8217;infame azione squadristica compiuta ai danni degli immigrati nella notte fra sabato e domenica altro non \u00e8 se non il frutto dell&#8217;ideologia che la destra, e la Lega in particolare, vanno portando avanti da anni. Non \u00e8 corretto, secondo noi, parlare di &#8220;baby gang&#8221; o di altre fantasiose definizioni: si deve parlare di giovani nostri connazionali sottoposti al fuoco di fila delle affermazioni razziste e xenofobe  quotidianamente proposte da chi fa dell&#8217;odio razziale una bandiera politica, profittando poi degli immigrati quale forza lavoro a basso costo, da sfruttare per i lavori agricoli di tutta la piana ingauna&#8221;.<\/p>\n<p>La segreteria provinciale del Prc: &#8220;Un episodio di violenza privata che si intreccia con una vendetta a sfondo razziale. La dinamica dei fatti avvenuti ad Albenga oggi mette ancora una volta in luce il perverso intreccio tra la violenza in generale e quella alimentata da motivi che hanno come unico denominatore l&#8217;odio per chi non \u00e8 italiano, per chi proviene da paesi dove la violenza della miseria costringe alla violenza delle carrette del mare e alla violenza dei Centri di permanenza pseudo-temporanea sul territorio italiano. Nell&#8217;ammissione di una insufficiente politica dello Stato per una maggiore capacit\u00e0 di integrazione sociale tra migranti e italiani, il sindaco di Albenga aggiunge per\u00f2 un primo intervento riguardo al problema che si inserisce in un contesto di gestione poliziesca sia del fenomeno migratorio sia di quello della sicurezza dei cittadini. Con la richiesta dell&#8217;esercito prima e di una implementazione dell&#8217;organico delle forze dell&#8217;ordine oggi, il sindaco Tabb\u00f2 elude politicamente le ragioni sociali che stanno alla radice dei problemi che si sviluppano e che portano a sempre pi\u00f9 tragiche conseguenze. Rifondazione Comunista sollecita tutte le forze democratiche e l&#8217;amministrazione cittadina ad interventi mirati allo scambio culturale, sociale e civile tra tutta la popolazione di Albenga , partendo da una ritrovata cultura della solidariet\u00e0 che va insegnata nelle scuole, mettendo da parte le isterie securitarie e i richiami alla difesa personale della destra che sono in pieno odore di far west e, pertanto, di completa ignoranza delle leggi e delle norme Costituzionali&#8221;.<\/p>\n","protected":false},"excerpt":{"rendered":"<p>[thumb:11919:l]Albenga. Di seguito proponiamo una serie di commenti in merito all&#8217;attentato razzista avvenuto ad Albenga. Intanto migliorano le condizioni del marocchin0 30enne rimasto intossicato nell&#8217;atto incendiario avvenuto nell&#8217;abitazione degli extracomunitari. Eraldo Ciangherotti, Presidente del Centro Aiuto Vita ingauno: &#8220;La drammatica vicenda che ha colpito nelle ultime ore la citt\u00e0 di Albenga indica quanto, nell&#8217;educazione dei [&hellip;]<\/p>\n","protected":false},"author":13744,"featured_media":0,"comment_status":"open","ping_status":"closed","sticky":false,"template":"","format":"standard","meta":{"footnotes":""},"categories":[34],"tags":[85841,1878,1026,1024,36,3496,5470,367,4381],"class_list":["post-57641","post","type-post","status-publish","format-standard","hentry","category-cronaca","tag-albenga","tag-amministrazione-comunale","tag-centro-aiuto-vita","tag-ciangherotti","tag-cultura","tag-extracomunitari","tag-forze-dellordine","tag-rifondazione-comunista","tag-tabbo","post_cat_citta-albenga","post_cat_citta-andora"],"amp_validity":null,"amp_enabled":true,"_links":{"self":[{"href":"https:\/\/staging.ivg.it\/ediapi\/wp\/v2\/posts\/57641","targetHints":{"allow":["GET"]}}],"collection":[{"href":"https:\/\/staging.ivg.it\/ediapi\/wp\/v2\/posts"}],"about":[{"href":"https:\/\/staging.ivg.it\/ediapi\/wp\/v2\/types\/post"}],"author":[{"embeddable":true,"href":"https:\/\/staging.ivg.it\/ediapi\/wp\/v2\/users\/13744"}],"replies":[{"embeddable":true,"href":"https:\/\/staging.ivg.it\/ediapi\/wp\/v2\/comments?post=57641"}],"version-history":[{"count":0,"href":"https:\/\/staging.ivg.it\/ediapi\/wp\/v2\/posts\/57641\/revisions"}],"wp:attachment":[{"href":"https:\/\/staging.ivg.it\/ediapi\/wp\/v2\/media?parent=57641"}],"wp:term":[{"taxonomy":"category","embeddable":true,"href":"https:\/\/staging.ivg.it\/ediapi\/wp\/v2\/categories?post=57641"},{"taxonomy":"post_tag","embeddable":true,"href":"https:\/\/staging.ivg.it\/ediapi\/wp\/v2\/tags?post=57641"}],"curies":[{"name":"wp","href":"https:\/\/api.w.org\/{rel}","templated":true}]}}