{"id":57540,"date":"2009-04-28T10:40:59","date_gmt":"2009-04-28T08:40:59","guid":{"rendered":"http:\/\/www.ivg.it\/2009\/04\/27\/piccola-orchestra-la-viola-protagonista-a-loano\/"},"modified":"2009-04-28T10:42:23","modified_gmt":"2009-04-28T08:42:23","slug":"piccola-orchestra-la-viola-protagonista-a-loano","status":"publish","type":"post","link":"https:\/\/staging.ivg.it\/2009\/04\/piccola-orchestra-la-viola-protagonista-a-loano\/","title":{"rendered":"Piccola Orchestra La Viola protagonista a Loano"},"content":{"rendered":"<p><strong>[thumb:11923:l]Loano<\/strong>. Mercoled\u00ec 29 aprile si chiude, a Loano, l&#8217;appuntamento con l&#8217;iniziativa &#8220;Dischi volanti&#8230; incontri ravvicinati con dischi, libri, parole e suoni&#8221; promossa dall&#8217;Assessorato al Turismo e alla Cultura del Comune di Loano.<\/p>\n<p>L&#8217;ultimo appuntamento della rassegna, curata dall&#8217;Associazione Compagnia dei Curiosi,  dar\u00e0 spazio all&#8217;iniziativa il &#8220;Premio incontra&#8230;&#8221;  organizzata in collaborazione con il Premio Nazionale Citt\u00e0 di Loano per la musica tradizionale italiana.<\/p>\n<p>L&#8217;incontro condotto da Roberto G. Sacchi, direttore della rivista musicale Folk Bullettin, vedr\u00e0 protagonista la Piccola Orchestra La Viola, che presenter\u00e0 l&#8217;album &#8220;Arov\u00e0&#8221; (2008, Manifesto).<\/p>\n","protected":false},"excerpt":{"rendered":"<p>[thumb:11923:l]Loano. Mercoled\u00ec 29 aprile si chiude, a Loano, l&#8217;appuntamento con l&#8217;iniziativa &#8220;Dischi volanti&#8230; incontri ravvicinati con dischi, libri, parole e suoni&#8221; promossa dall&#8217;Assessorato al Turismo e alla Cultura del Comune di Loano. L&#8217;ultimo appuntamento della rassegna, curata dall&#8217;Associazione Compagnia dei Curiosi, dar\u00e0 spazio all&#8217;iniziativa il &#8220;Premio incontra&#8230;&#8221; organizzata in collaborazione con il Premio Nazionale Citt\u00e0 [&hellip;]<\/p>\n","protected":false},"author":13744,"featured_media":0,"comment_status":"open","ping_status":"closed","sticky":false,"template":"","format":"standard","meta":{"footnotes":""},"categories":[],"tags":[620,85827,4405],"class_list":["post-57540","post","type-post","status-publish","format-standard","hentry","tag-concerti","tag-loano","tag-premio-nazionale-citta-di-loano","post_cat_citta-loano"],"amp_validity":null,"amp_enabled":true,"_links":{"self":[{"href":"https:\/\/staging.ivg.it\/ediapi\/wp\/v2\/posts\/57540","targetHints":{"allow":["GET"]}}],"collection":[{"href":"https:\/\/staging.ivg.it\/ediapi\/wp\/v2\/posts"}],"about":[{"href":"https:\/\/staging.ivg.it\/ediapi\/wp\/v2\/types\/post"}],"author":[{"embeddable":true,"href":"https:\/\/staging.ivg.it\/ediapi\/wp\/v2\/users\/13744"}],"replies":[{"embeddable":true,"href":"https:\/\/staging.ivg.it\/ediapi\/wp\/v2\/comments?post=57540"}],"version-history":[{"count":0,"href":"https:\/\/staging.ivg.it\/ediapi\/wp\/v2\/posts\/57540\/revisions"}],"wp:attachment":[{"href":"https:\/\/staging.ivg.it\/ediapi\/wp\/v2\/media?parent=57540"}],"wp:term":[{"taxonomy":"category","embeddable":true,"href":"https:\/\/staging.ivg.it\/ediapi\/wp\/v2\/categories?post=57540"},{"taxonomy":"post_tag","embeddable":true,"href":"https:\/\/staging.ivg.it\/ediapi\/wp\/v2\/tags?post=57540"}],"curies":[{"name":"wp","href":"https:\/\/api.w.org\/{rel}","templated":true}]}}