{"id":57438,"date":"2009-04-24T14:39:45","date_gmt":"2009-04-24T12:39:45","guid":{"rendered":"http:\/\/www.ivg.it\/?p=57438"},"modified":"2009-04-24T15:45:59","modified_gmt":"2009-04-24T13:45:59","slug":"savona-eventi-25-aprile-la-formazione-a-briga-in-concerto","status":"publish","type":"post","link":"https:\/\/staging.ivg.it\/2009\/04\/savona-eventi-25-aprile-la-formazione-a-briga-in-concerto\/","title":{"rendered":"Savona, eventi 25 aprile: la formazione &#8220;A Brig\u00e0&#8221; in concerto"},"content":{"rendered":"<p><strong>[thumb:11910:l]Savona.<\/strong> Nell&#8217;ambito del programma di iniziative per le celebrazioni del 64\u00b0 Anniversario della Liberazione, domani, alle ore 18, la formazione ligure &#8220;A Brig\u00e0&#8221; festegger\u00e0 il 25 aprile con i partigiani.<\/p>\n<p>Si tratta di un&#8217;iniziativa patrocinata dall&#8217;Assessorato alla Cultura del Comune di Savona.  &#8220;Per avvicinare i giovani al 25 aprile &#8211; dichiara l&#8217;Assessore Ferdinando Molteni &#8211; e ai valori della lotta di Liberazione non c&#8217;\u00e8 niente di meglio della musica. Per questo ho invitato A Brig\u00e0 a suonare in piazza Sisto e ho deciso di ripetere la Festa della Libert\u00e0 al San Giacomo. Spero che i ragazzi savonesi rispondano in massa&#8221;.<\/p>\n<p>A Brig\u00e0 proporr\u00e0 alcuni brani tradizionali italiani presenti nel loro ultimo cd &#8220;Sul Tempo (On The Beat)&#8221; e alcune danze, di coppia e di gruppo, della tradizione occitana: scottish, chapelloise, sbrando, bour\u00e8e, branle de cheveux, valzer, mazurka. A fine concerto si terr\u00e0 il primo Circolo Circasso di Liberazione coinvolgendo pi\u00f9 gente possibile e abbracciando l&#8217;intera piazza.<\/p>\n<p>La formazione A Brig\u00e0 \u00e8 composta da Marta Giardina alla voce, Luca Pesenti al violino, Alex Raso alla chitarra e al bouzouki, Davide Baglietto al cajon, fllauti e cornamuse, Federico Fugassa al basso.<\/p>\n","protected":false},"excerpt":{"rendered":"<p>[thumb:11910:l]Savona. Nell&#8217;ambito del programma di iniziative per le celebrazioni del 64\u00b0 Anniversario della Liberazione, domani, alle ore 18, la formazione ligure &#8220;A Brig\u00e0&#8221; festegger\u00e0 il 25 aprile con i partigiani. Si tratta di un&#8217;iniziativa patrocinata dall&#8217;Assessorato alla Cultura del Comune di Savona. &#8220;Per avvicinare i giovani al 25 aprile &#8211; dichiara l&#8217;Assessore Ferdinando Molteni &#8211; [&hellip;]<\/p>\n","protected":false},"author":1385,"featured_media":0,"comment_status":"open","ping_status":"closed","sticky":false,"template":"","format":"standard","meta":{"footnotes":""},"categories":[],"tags":[8980,8983,2509,85850],"class_list":["post-57438","post","type-post","status-publish","format-standard","hentry","tag-25-aprile","tag-a-briga","tag-iniziativa","tag-savona","post_cat_citta-savona"],"amp_validity":null,"amp_enabled":true,"_links":{"self":[{"href":"https:\/\/staging.ivg.it\/ediapi\/wp\/v2\/posts\/57438","targetHints":{"allow":["GET"]}}],"collection":[{"href":"https:\/\/staging.ivg.it\/ediapi\/wp\/v2\/posts"}],"about":[{"href":"https:\/\/staging.ivg.it\/ediapi\/wp\/v2\/types\/post"}],"author":[{"embeddable":true,"href":"https:\/\/staging.ivg.it\/ediapi\/wp\/v2\/users\/1385"}],"replies":[{"embeddable":true,"href":"https:\/\/staging.ivg.it\/ediapi\/wp\/v2\/comments?post=57438"}],"version-history":[{"count":0,"href":"https:\/\/staging.ivg.it\/ediapi\/wp\/v2\/posts\/57438\/revisions"}],"wp:attachment":[{"href":"https:\/\/staging.ivg.it\/ediapi\/wp\/v2\/media?parent=57438"}],"wp:term":[{"taxonomy":"category","embeddable":true,"href":"https:\/\/staging.ivg.it\/ediapi\/wp\/v2\/categories?post=57438"},{"taxonomy":"post_tag","embeddable":true,"href":"https:\/\/staging.ivg.it\/ediapi\/wp\/v2\/tags?post=57438"}],"curies":[{"name":"wp","href":"https:\/\/api.w.org\/{rel}","templated":true}]}}