{"id":57306,"date":"2009-04-23T16:08:48","date_gmt":"2009-04-23T14:08:48","guid":{"rendered":"http:\/\/www.ivg.it\/2009\/04\/23\/rifondazioni-dichiarazioni-vaccarezza-la-replica-del-segretario-ravera\/"},"modified":"2009-04-23T16:38:54","modified_gmt":"2009-04-23T14:38:54","slug":"rifondazioni-dichiarazioni-vaccarezza-la-replica-del-segretario-ravera","status":"publish","type":"post","link":"https:\/\/staging.ivg.it\/2009\/04\/rifondazioni-dichiarazioni-vaccarezza-la-replica-del-segretario-ravera\/","title":{"rendered":"Rifondazione, dichiarazioni Vaccarezza: la replica del segretario Ravera"},"content":{"rendered":"<p><strong>[thumb:9093:l]Savona.<\/strong> &#8220;Ma d&#8217;altra parte, se queste persone fossero normali, non sarebbero di Rifondazione comunista&#8230;&#8221;. La dichiarazione pronunciata dal candidato del PdL alla Presidenza della provincia Angelo Vaccarezza ha provocato la pronta reazione del Prc, che in una nota dl segretario provinciale Marco Ravera afferma: &#8220;Con queste eleganti parole Angelo Vaccarezza ha etichettato un nostro compagno, reo di aver criticato l&#8217;operato del Sindaco di Loano candidato alla Presidenza della Provincia per il centrodestra&#8221;.<\/p>\n<p>&#8220;Vaccarezza ha tuttavia ragione &#8211; prosegue Ravera -. Noi di Rifondazione non siamo normali. Perch\u00e9 oggi, nel 2009, del dupolio Pd-PdL e fedeli alleati, essere per la tutela e la valorizzazione dell&#8217;ambiente, per la sanit\u00e0 pubblica gratuita, per la sicurezza sul lavoro, essere contro il precariato, contro il cemento, contro il carbone e il nucleare, essere al fianco dei lavoratori, volere pi\u00f9 treni per i pendolari e meno grandi opere, avere nel nostro dna la Resistenza al nazifascismo \u00e8 assolutamente anormale. Per questo, nella nostra diversit\u00e0, abbiamo candidato un lavoratore di Ferrania, Furio Mocco, alla Presidenza della Provincia. Contro tutto e contro tutti, diversi, anormali, ma con idee chiare. La normalit\u00e0 la lasciamo a Vaccarezza&#8230;&#8221;.<\/p>\n","protected":false},"excerpt":{"rendered":"<p>[thumb:9093:l]Savona. &#8220;Ma d&#8217;altra parte, se queste persone fossero normali, non sarebbero di Rifondazione comunista&#8230;&#8221;. La dichiarazione pronunciata dal candidato del PdL alla Presidenza della provincia Angelo Vaccarezza ha provocato la pronta reazione del Prc, che in una nota dl segretario provinciale Marco Ravera afferma: &#8220;Con queste eleganti parole Angelo Vaccarezza ha etichettato un nostro compagno, [&hellip;]<\/p>\n","protected":false},"author":1385,"featured_media":0,"comment_status":"open","ping_status":"closed","sticky":false,"template":"","format":"standard","meta":{"footnotes":""},"categories":[31],"tags":[2317,85992,6299,85827,366,367],"class_list":["post-57306","post","type-post","status-publish","format-standard","hentry","category-politica","tag-angelo-vaccarezza","tag-ferrania","tag-furio-mocco","tag-loano","tag-marco-ravera","tag-rifondazione-comunista","post_cat_citta-andora","post_cat_citta-loano","post_cat_citta-savona"],"amp_validity":null,"amp_enabled":true,"_links":{"self":[{"href":"https:\/\/staging.ivg.it\/ediapi\/wp\/v2\/posts\/57306","targetHints":{"allow":["GET"]}}],"collection":[{"href":"https:\/\/staging.ivg.it\/ediapi\/wp\/v2\/posts"}],"about":[{"href":"https:\/\/staging.ivg.it\/ediapi\/wp\/v2\/types\/post"}],"author":[{"embeddable":true,"href":"https:\/\/staging.ivg.it\/ediapi\/wp\/v2\/users\/1385"}],"replies":[{"embeddable":true,"href":"https:\/\/staging.ivg.it\/ediapi\/wp\/v2\/comments?post=57306"}],"version-history":[{"count":0,"href":"https:\/\/staging.ivg.it\/ediapi\/wp\/v2\/posts\/57306\/revisions"}],"wp:attachment":[{"href":"https:\/\/staging.ivg.it\/ediapi\/wp\/v2\/media?parent=57306"}],"wp:term":[{"taxonomy":"category","embeddable":true,"href":"https:\/\/staging.ivg.it\/ediapi\/wp\/v2\/categories?post=57306"},{"taxonomy":"post_tag","embeddable":true,"href":"https:\/\/staging.ivg.it\/ediapi\/wp\/v2\/tags?post=57306"}],"curies":[{"name":"wp","href":"https:\/\/api.w.org\/{rel}","templated":true}]}}