{"id":57244,"date":"2009-04-23T11:35:19","date_gmt":"2009-04-23T09:35:19","guid":{"rendered":"http:\/\/www.ivg.it\/2009\/04\/23\/emergenza-sisma-contribito-dellordine-ingegneri-savonesi\/"},"modified":"2009-04-23T11:38:23","modified_gmt":"2009-04-23T09:38:23","slug":"emergenza-sisma-contributo-dellordine-ingegneri-savonesi","status":"publish","type":"post","link":"https:\/\/staging.ivg.it\/2009\/04\/emergenza-sisma-contributo-dellordine-ingegneri-savonesi\/","title":{"rendered":"Emergenza sisma, contributo dell&#8217;ordine Ingegneri savonesi"},"content":{"rendered":"<p><strong>[thumb:11557:l]Savona. <\/strong>Si \u00e8 tenuta luned\u00ec 20 aprile la seduta di consiglio dell&#8217;ordine Ingegneri savonesi, cui erano presenti tutti i membri. All&#8217;unanimit\u00e0 \u00e8 stato deciso di riservare un contributo di solidariet\u00e0 per l&#8217;emergenza sisma, stanziando un importo di euro 3 mila, pari a 3 euro per iscritto, da versare sul conto corrente aperto dal Consiglio degli Ingegneri della Provincia dell&#8217;Aquila.<\/p>\n<p>Sono inoltre stati inviati al CNI i nominativi degli iscritti all&#8217;ordine Ingegneri savonesi che si sono resi disponibili ad offrire la propria esperienza per contribuire alla ricostruzione nelle terre martoriate dal sisma. A tale scopo l&#8217;ordine conferma la propria disponibilit\u00e0 a qualunque forma di collaborazione.<\/p>\n","protected":false},"excerpt":{"rendered":"<p>[thumb:11557:l]Savona. Si \u00e8 tenuta luned\u00ec 20 aprile la seduta di consiglio dell&#8217;ordine Ingegneri savonesi, cui erano presenti tutti i membri. All&#8217;unanimit\u00e0 \u00e8 stato deciso di riservare un contributo di solidariet\u00e0 per l&#8217;emergenza sisma, stanziando un importo di euro 3 mila, pari a 3 euro per iscritto, da versare sul conto corrente aperto dal Consiglio degli [&hellip;]<\/p>\n","protected":false},"author":13744,"featured_media":0,"comment_status":"open","ping_status":"closed","sticky":false,"template":"","format":"standard","meta":{"footnotes":""},"categories":[],"tags":[8383,365,408,85850,8471],"class_list":["post-57244","post","type-post","status-publish","format-standard","hentry","tag-abruzzo","tag-euro","tag-fondi","tag-savona","tag-sisma","post_cat_citta-andora","post_cat_citta-savona"],"amp_validity":null,"amp_enabled":true,"_links":{"self":[{"href":"https:\/\/staging.ivg.it\/ediapi\/wp\/v2\/posts\/57244","targetHints":{"allow":["GET"]}}],"collection":[{"href":"https:\/\/staging.ivg.it\/ediapi\/wp\/v2\/posts"}],"about":[{"href":"https:\/\/staging.ivg.it\/ediapi\/wp\/v2\/types\/post"}],"author":[{"embeddable":true,"href":"https:\/\/staging.ivg.it\/ediapi\/wp\/v2\/users\/13744"}],"replies":[{"embeddable":true,"href":"https:\/\/staging.ivg.it\/ediapi\/wp\/v2\/comments?post=57244"}],"version-history":[{"count":0,"href":"https:\/\/staging.ivg.it\/ediapi\/wp\/v2\/posts\/57244\/revisions"}],"wp:attachment":[{"href":"https:\/\/staging.ivg.it\/ediapi\/wp\/v2\/media?parent=57244"}],"wp:term":[{"taxonomy":"category","embeddable":true,"href":"https:\/\/staging.ivg.it\/ediapi\/wp\/v2\/categories?post=57244"},{"taxonomy":"post_tag","embeddable":true,"href":"https:\/\/staging.ivg.it\/ediapi\/wp\/v2\/tags?post=57244"}],"curies":[{"name":"wp","href":"https:\/\/api.w.org\/{rel}","templated":true}]}}