{"id":56996,"date":"2009-04-21T15:01:56","date_gmt":"2009-04-21T13:01:56","guid":{"rendered":"http:\/\/www.ivg.it\/2009\/04\/21\/armi-cancellate-sui-manifesti-per-il-25-aprile-polemica-in-regione\/"},"modified":"2009-04-22T07:56:47","modified_gmt":"2009-04-22T05:56:47","slug":"armi-cancellate-dai-manifesti-per-il-25-aprile-polemica-in-regione","status":"publish","type":"post","link":"https:\/\/staging.ivg.it\/2009\/04\/armi-cancellate-dai-manifesti-per-il-25-aprile-polemica-in-regione\/","title":{"rendered":"Armi cancellate dai manifesti per il 25 aprile: polemica in Regione"},"content":{"rendered":"<p><strong>[thumb:11852:l]Regione<\/strong>. Polemica questa mattina in Regione per una foto d&#8217;epoca sui manifesti celebrativi ufficiali per il 25 aprile, nella quale sarebbero state cancellate le armi dei partigiani. I consiglieri regionali del Pdl Gianni Plinio e Matteo Rosso hanno presentato un ordine del giorno per chiedere le dimissioni del presidente della Regione Claudio Burlando poich\u00e9 ritenuto &#8220;responsabile della diffusione del manifesto manipolato e, quindi, gravemente lesivo della verit\u00e0 storica e dell&#8217;immagine e della credibilit\u00e0 della stessa Istituzione regionale&#8221;.<\/p>\n<p>A scoprire il &#8220;taroccamento&#8221; \u00e8 stato il quotidiano &#8220;Il Giornale&#8221; che stamani ha dato la notizia pubblicando l&#8217;originale fotografico accanto a quello &#8220;falsificato&#8221; dei manifesti. &#8220;Burlando deve dimettersi &#8211; scrivono Plinio e Rosso -. Un presidente che consente il taroccamento di fotografie storiche danneggia l&#8217;Istituzione e perde credibilit\u00e0&#8221;. &#8220;Stupisce che un noto cultore di memorie resistenziali come il presidente Ronzitti, anche il consiglio regionale patrocina il manifesto &#8211; aggiungono i consiglieri del Pdl &#8211; non si sia accorto del clamoroso falso&#8221;. &#8220;Se, comunque, Burlando vuole davvero mettere in pratica l&#8217;invito di Aldo Gastaldi riprodotto sul manifesto a dare l&#8217;esempio di un&#8217;Italia rinata e sana &#8211; concludono Plinio e Rosso &#8211; occorre mettere in condizione di non nuocere i falsificatori ed i manipolatori anche della verit\u00e0 storica come lui&#8221;.<\/p>\n<p>&#8220;Come ogni anno la Giunta e il Consiglio della Regione Liguria ricordano la Resistenza e la data della Liberazione Nazionale con un manifesto che viene affisso in tutta la regione &#8211; \u00e8 la replica di Claudio Burlando &#8211; . Abbiamo individuato il messaggio, che quest&#8217;anno ricordava il partigiano cattolico Aldo Gastaldi Bisagno, citando una sua frase: &#8216;&#8230;dobbiamo dare l&#8217;esempio di un&#8217;Italia rinata e sana&#8230;&#8217;. Non abbiamo, invece, scelto noi l&#8217;immagine n\u00e9 siamo stati informati delle successive modifiche&#8221;.<\/p>\n<p>&#8220;L&#8217;intervento sulla fotografia \u00e8 stata evidentemente una ingenuit\u00e0 &#8211; afferma il presidente dell&#8217;assemblea regionale Ronzitti &#8211; commessa sicuramente in buona fede, per non riproporre la crudezza di quel momento storico in un&#8217;Italia che vive da 64 anni in pace proprio grazie alla liberazione dal nazifascismo&#8221;<\/p>\n","protected":false},"excerpt":{"rendered":"<p>[thumb:11852:l]Regione. Polemica questa mattina in Regione per una foto d&#8217;epoca sui manifesti celebrativi ufficiali per il 25 aprile, nella quale sarebbero state cancellate le armi dei partigiani. I consiglieri regionali del Pdl Gianni Plinio e Matteo Rosso hanno presentato un ordine del giorno per chiedere le dimissioni del presidente della Regione Claudio Burlando poich\u00e9 ritenuto [&hellip;]<\/p>\n","protected":false},"author":13744,"featured_media":0,"comment_status":"open","ping_status":"closed","sticky":false,"template":"","format":"standard","meta":{"footnotes":""},"categories":[],"tags":[2271,284,2763,1098,6701,295],"class_list":["post-56996","post","type-post","status-publish","format-standard","hentry","tag-armi","tag-claudio-burlando","tag-foto","tag-matteo-rosso","tag-partigiani","tag-regione","post_cat_citta-andora"],"amp_validity":null,"amp_enabled":true,"_links":{"self":[{"href":"https:\/\/staging.ivg.it\/ediapi\/wp\/v2\/posts\/56996","targetHints":{"allow":["GET"]}}],"collection":[{"href":"https:\/\/staging.ivg.it\/ediapi\/wp\/v2\/posts"}],"about":[{"href":"https:\/\/staging.ivg.it\/ediapi\/wp\/v2\/types\/post"}],"author":[{"embeddable":true,"href":"https:\/\/staging.ivg.it\/ediapi\/wp\/v2\/users\/13744"}],"replies":[{"embeddable":true,"href":"https:\/\/staging.ivg.it\/ediapi\/wp\/v2\/comments?post=56996"}],"version-history":[{"count":0,"href":"https:\/\/staging.ivg.it\/ediapi\/wp\/v2\/posts\/56996\/revisions"}],"wp:attachment":[{"href":"https:\/\/staging.ivg.it\/ediapi\/wp\/v2\/media?parent=56996"}],"wp:term":[{"taxonomy":"category","embeddable":true,"href":"https:\/\/staging.ivg.it\/ediapi\/wp\/v2\/categories?post=56996"},{"taxonomy":"post_tag","embeddable":true,"href":"https:\/\/staging.ivg.it\/ediapi\/wp\/v2\/tags?post=56996"}],"curies":[{"name":"wp","href":"https:\/\/api.w.org\/{rel}","templated":true}]}}