{"id":56941,"date":"2009-04-21T11:07:58","date_gmt":"2009-04-21T09:07:58","guid":{"rendered":"http:\/\/www.ivg.it\/?p=56941"},"modified":"2009-04-21T15:34:55","modified_gmt":"2009-04-21T13:34:55","slug":"albissola-alberi-abbattuti-in-via-rossini-critiche-dai-verdi","status":"publish","type":"post","link":"https:\/\/staging.ivg.it\/2009\/04\/albissola-alberi-abbattuti-in-via-rossini-critiche-dai-verdi\/","title":{"rendered":"Albissola, alberi abbattuti in via Rossini: critiche dai Verdi"},"content":{"rendered":"<p><strong>[thumb:11807:l]Albissola Marina<\/strong>. I Verdi intervengono duramente sul taglio degli alberi in via Rossini ad Albissola Marina, documentato ieri su IVG.it. &#8220;Continua lo scempio del verde &#8211; commenta Marco Brescia, portavoce dell&#8217;associazione per le Albissole &#8211; Dopo aver distrutto viale Liguria, un luogo simbolo di Albissola ritatto anche sulle cartoline, ed aver permesso l&#8217;abbattimento totale del parco e della villa liberty di viale Faraggiana, adesso la giunta se la prende anche con via Rossini&#8221;.<\/p>\n<p>Sulla strada sono stati rimossi 35 tigli, nell&#8217;ambito delle opere di rifacimento della viabilit\u00e0 interna. &#8220;E&#8217; un danno irreparabile non solo al benessere degli albissolesi ma anche all&#8217;immagine turistica della citt\u00e0&#8221; tuona Marco Brescia, che conclude: &#8220;Le motivazioni addotte per giustificare questo disastro sono inconsistenti, come per viale Liguria si parla di lavori di rifacimento delle infrastrutture della via. In realt\u00e0 l&#8217;attuale amministrazione considera il verde solo come una seccatura, malsopportando le necessit\u00e0 di manutenzione ed infischiandosene della qualit\u00e0 urbana&#8221;.<\/p>\n<p>[image:11840:c]<\/p>\n","protected":false},"excerpt":{"rendered":"<p>[thumb:11807:l]Albissola Marina. I Verdi intervengono duramente sul taglio degli alberi in via Rossini ad Albissola Marina, documentato ieri su IVG.it. &#8220;Continua lo scempio del verde &#8211; commenta Marco Brescia, portavoce dell&#8217;associazione per le Albissole &#8211; Dopo aver distrutto viale Liguria, un luogo simbolo di Albissola ritatto anche sulle cartoline, ed aver permesso l&#8217;abbattimento totale del [&hellip;]<\/p>\n","protected":false},"author":5,"featured_media":0,"comment_status":"open","ping_status":"closed","sticky":false,"template":"","format":"standard","meta":{"footnotes":""},"categories":[31],"tags":[741,86007,499],"class_list":["post-56941","post","type-post","status-publish","format-standard","hentry","category-politica","tag-alberi","tag-albissola-marina","tag-verdi","post_cat_citta-albissola-marina"],"amp_validity":null,"amp_enabled":true,"_links":{"self":[{"href":"https:\/\/staging.ivg.it\/ediapi\/wp\/v2\/posts\/56941","targetHints":{"allow":["GET"]}}],"collection":[{"href":"https:\/\/staging.ivg.it\/ediapi\/wp\/v2\/posts"}],"about":[{"href":"https:\/\/staging.ivg.it\/ediapi\/wp\/v2\/types\/post"}],"author":[{"embeddable":true,"href":"https:\/\/staging.ivg.it\/ediapi\/wp\/v2\/users\/5"}],"replies":[{"embeddable":true,"href":"https:\/\/staging.ivg.it\/ediapi\/wp\/v2\/comments?post=56941"}],"version-history":[{"count":0,"href":"https:\/\/staging.ivg.it\/ediapi\/wp\/v2\/posts\/56941\/revisions"}],"wp:attachment":[{"href":"https:\/\/staging.ivg.it\/ediapi\/wp\/v2\/media?parent=56941"}],"wp:term":[{"taxonomy":"category","embeddable":true,"href":"https:\/\/staging.ivg.it\/ediapi\/wp\/v2\/categories?post=56941"},{"taxonomy":"post_tag","embeddable":true,"href":"https:\/\/staging.ivg.it\/ediapi\/wp\/v2\/tags?post=56941"}],"curies":[{"name":"wp","href":"https:\/\/api.w.org\/{rel}","templated":true}]}}