{"id":56916,"date":"2009-04-21T07:21:23","date_gmt":"2009-04-21T05:21:23","guid":{"rendered":"http:\/\/www.ivg.it\/2009\/04\/21\/albenga-maratona-oratoria-per-la-resistenza-3\/"},"modified":"2009-04-21T13:11:38","modified_gmt":"2009-04-21T11:11:38","slug":"albenga-maratona-oratoria-per-la-resistenza-3","status":"publish","type":"post","link":"https:\/\/staging.ivg.it\/2009\/04\/albenga-maratona-oratoria-per-la-resistenza-3\/","title":{"rendered":"Albenga, maratona oratoria per la Resistenza"},"content":{"rendered":"<p><strong>[thumb:3323:l]Albenga<\/strong>. Per ricordare la Resistenza e i valori che la ispirarono si svolger\u00e0 nelle giornate di sabato e domenica, 25 e 26 aprile, nella sala del consiglio comunale di Albenga, una &#8220;Maratona oratoria-letteraria&#8221; organizzata dall&#8217;associazione culturale &#8220;Fischia il vento&#8221;, con il patrocinio del Comune, del Comitato unitario antifascista, dell&#8217;Anpi e della Fvl.<\/p>\n<p>Per 20 ore consecutive (il 25 aprile dalle 15 alle 22, il 26 aprile dalle 9 alle 22) un gruppo di giovani legger\u00e0 il romanzo di Agnese Vigan\u00f2, &#8220;L&#8217;Agnese va a morire&#8221;, mentre si alterneranno interventi di sindaci, pubblici amministratori, intellettuali, scrittori, insegnanti, studenti e cittadini che parleranno di fatti e personaggi della Resistenza e che esprimeranno la propria adesione, anche se su posizioni differenziate, a quei principi sui quali \u00e8 stata poi approvata la Costituzione italiana.<\/p>\n<p>Tutti coloro che vogliono prendere la parola potranno farlo, dopo aver prenotato il proprio spazio (telefonare ai seguenti numeri: 338-7467529, 339-6333666, 347-4664592). Spiega Pino Ronco, vicepresidente di Fischia il vento, organizzatore dell&#8217;iniziativa: &#8220;Ci sono ancora tante cose da sapere e da scoprire in quella che fu la nostra guerra di Liberazione e nelle battaglie che in tutto il mondo si combattono per la libert\u00e0. Debbo ringraziare per la loro collaborazione il Comune e le associazioni che hanno appoggiato la nostra proposta e, per la loro disponibilit\u00e0, gli amici attori Kitia Benedetti, Mario Mesiano, Simonetta Pozzi, Carlo Scola e Roberto Bani&#8221;.<\/p>\n<p>Ha aderito all&#8217;iniziativa anche Antonio Ricci, l&#8217;ideatore di &#8220;Striscia la notizia&#8221;, che ha annunciato la presenza di Enzo Iachetti alla manifestazione che si svolger\u00e0 sulla collina di San Bernardo di Casanova Lerrone, presso la Stele della libert\u00e0 di Rainer Kriester, per il settimo anno consecutivo, marted\u00ec 2 giugno, in occasione della Festa della Repubblica.<\/p>\n","protected":false},"excerpt":{"rendered":"<p>[thumb:3323:l]Albenga. Per ricordare la Resistenza e i valori che la ispirarono si svolger\u00e0 nelle giornate di sabato e domenica, 25 e 26 aprile, nella sala del consiglio comunale di Albenga, una &#8220;Maratona oratoria-letteraria&#8221; organizzata dall&#8217;associazione culturale &#8220;Fischia il vento&#8221;, con il patrocinio del Comune, del Comitato unitario antifascista, dell&#8217;Anpi e della Fvl. Per 20 ore [&hellip;]<\/p>\n","protected":false},"author":13744,"featured_media":0,"comment_status":"open","ping_status":"closed","sticky":false,"template":"","format":"standard","meta":{"footnotes":""},"categories":[31],"tags":[5591,2556,8760,669,470,1516,6676],"class_list":["post-56916","post","type-post","status-publish","format-standard","hentry","category-politica","tag-antifascismo","tag-antonio-ricci","tag-fischia-il-vento","tag-manifestazione","tag-resistenza","tag-storia","tag-striscia-la-notizia","post_cat_citta-albenga","post_cat_citta-casanova-lerrone"],"amp_validity":null,"amp_enabled":true,"_links":{"self":[{"href":"https:\/\/staging.ivg.it\/ediapi\/wp\/v2\/posts\/56916","targetHints":{"allow":["GET"]}}],"collection":[{"href":"https:\/\/staging.ivg.it\/ediapi\/wp\/v2\/posts"}],"about":[{"href":"https:\/\/staging.ivg.it\/ediapi\/wp\/v2\/types\/post"}],"author":[{"embeddable":true,"href":"https:\/\/staging.ivg.it\/ediapi\/wp\/v2\/users\/13744"}],"replies":[{"embeddable":true,"href":"https:\/\/staging.ivg.it\/ediapi\/wp\/v2\/comments?post=56916"}],"version-history":[{"count":0,"href":"https:\/\/staging.ivg.it\/ediapi\/wp\/v2\/posts\/56916\/revisions"}],"wp:attachment":[{"href":"https:\/\/staging.ivg.it\/ediapi\/wp\/v2\/media?parent=56916"}],"wp:term":[{"taxonomy":"category","embeddable":true,"href":"https:\/\/staging.ivg.it\/ediapi\/wp\/v2\/categories?post=56916"},{"taxonomy":"post_tag","embeddable":true,"href":"https:\/\/staging.ivg.it\/ediapi\/wp\/v2\/tags?post=56916"}],"curies":[{"name":"wp","href":"https:\/\/api.w.org\/{rel}","templated":true}]}}