{"id":56895,"date":"2009-04-20T17:24:49","date_gmt":"2009-04-20T15:24:49","guid":{"rendered":"http:\/\/www.ivg.it\/2009\/04\/20\/stile-artigiano-made-in-liguria-si-presenta-ai-savonesi\/"},"modified":"2009-04-21T07:14:56","modified_gmt":"2009-04-21T05:14:56","slug":"stile-artigiano-made-in-liguria-si-presenta-ai-savonesi","status":"publish","type":"post","link":"https:\/\/staging.ivg.it\/2009\/04\/stile-artigiano-made-in-liguria-si-presenta-ai-savonesi\/","title":{"rendered":"Stile Artigiano Made in Liguria si presenta ai savonesi"},"content":{"rendered":"<p><strong>[thumb:4285:l]Savona.<\/strong> Stile Artigiano Made in Liguria si presenta ai savonesi e a tutti i cittadini. Mercoled\u00ec 22 aprile, alle ore 12,00, presso la Sala Rossa del Comune di terr\u00e0 la presentazione ufficiale della quinta edizione. La tre giorni dedicato all&#8217;artigianato ligure si terr\u00e0 dal 24 al 26 aprile presso la Vecchia Darsena di Savona.<\/p>\n<p>Il sottotitolo dell&#8217;evento \u00e8 Food&amp;Fashion, dal momento che Stile Artigiano, tra i pi\u00f9 importanti eventi dell&#8217;artigianato in Liguria, nonch\u00e8 tradizionale appuntamento annuale a Savona,  prevede tre giornate intense con sfilata di moda, incontri, corsi e laboratori gratuiti, degustazioni e, non ultima, la possibilit\u00e0 di effettuare shopping di prodotti di qualit\u00e0 dell&#8217;agroalimentare regionale e dell&#8217;artigianato artistico. Fra i tanti &#8220;eventi nell&#8217;evento&#8221;: la &#8220;chicca&#8221; del chinotto di Savona, lo spazio bimbi e una eliminatoria valida per il Campionato Mondiale di Pesto al Mortaio.<\/p>\n<p>All&#8217;incontro saranno presenti Sindaco di Savona Federico Berruti, il Presidente della Camera di Commercio Giancarlo Grasso e il Segretario di Confartigianato Liguria Luca Costi.<\/p>\n","protected":false},"excerpt":{"rendered":"<p>[thumb:4285:l]Savona. Stile Artigiano Made in Liguria si presenta ai savonesi e a tutti i cittadini. Mercoled\u00ec 22 aprile, alle ore 12,00, presso la Sala Rossa del Comune di terr\u00e0 la presentazione ufficiale della quinta edizione. La tre giorni dedicato all&#8217;artigianato ligure si terr\u00e0 dal 24 al 26 aprile presso la Vecchia Darsena di Savona. Il [&hellip;]<\/p>\n","protected":false},"author":1385,"featured_media":0,"comment_status":"open","ping_status":"closed","sticky":false,"template":"","format":"standard","meta":{"footnotes":""},"categories":[35],"tags":[383,174,2959,3057,172,2932,85850,8292],"class_list":["post-56895","post","type-post","status-publish","format-standard","hentry","category-economia","tag-artigianato","tag-camera-commercio","tag-chinotto","tag-confartigianato","tag-giancarlo-grasso","tag-grasso","tag-savona","tag-stile-artigiano","post_cat_citta-andora","post_cat_citta-savona"],"amp_validity":null,"amp_enabled":true,"_links":{"self":[{"href":"https:\/\/staging.ivg.it\/ediapi\/wp\/v2\/posts\/56895","targetHints":{"allow":["GET"]}}],"collection":[{"href":"https:\/\/staging.ivg.it\/ediapi\/wp\/v2\/posts"}],"about":[{"href":"https:\/\/staging.ivg.it\/ediapi\/wp\/v2\/types\/post"}],"author":[{"embeddable":true,"href":"https:\/\/staging.ivg.it\/ediapi\/wp\/v2\/users\/1385"}],"replies":[{"embeddable":true,"href":"https:\/\/staging.ivg.it\/ediapi\/wp\/v2\/comments?post=56895"}],"version-history":[{"count":0,"href":"https:\/\/staging.ivg.it\/ediapi\/wp\/v2\/posts\/56895\/revisions"}],"wp:attachment":[{"href":"https:\/\/staging.ivg.it\/ediapi\/wp\/v2\/media?parent=56895"}],"wp:term":[{"taxonomy":"category","embeddable":true,"href":"https:\/\/staging.ivg.it\/ediapi\/wp\/v2\/categories?post=56895"},{"taxonomy":"post_tag","embeddable":true,"href":"https:\/\/staging.ivg.it\/ediapi\/wp\/v2\/tags?post=56895"}],"curies":[{"name":"wp","href":"https:\/\/api.w.org\/{rel}","templated":true}]}}