{"id":56798,"date":"2009-04-20T09:55:43","date_gmt":"2009-04-20T07:55:43","guid":{"rendered":"http:\/\/www.ivg.it\/2009\/04\/20\/provinciali-roberto-nicolick-pdl-candidato-nel-collegio-sassello-dego\/"},"modified":"2009-04-20T09:55:43","modified_gmt":"2009-04-20T07:55:43","slug":"provinciali-roberto-nicolick-pdl-candidato-nel-collegio-sassello-dego","status":"publish","type":"post","link":"https:\/\/staging.ivg.it\/2009\/04\/provinciali-roberto-nicolick-pdl-candidato-nel-collegio-sassello-dego\/","title":{"rendered":"Provinciali, Roberto Nicolick (Pdl) candidato nel collegio Sassello &#8211; Dego"},"content":{"rendered":"<p><strong>[thumb:3672:l]Provincia<\/strong>. Roberto Nicolick, ex consigliere provinciale di minoranza, sar\u00e0 candidato per il Pdl nel collegio di Sassello &#8211; Dego. &#8220;Dopo aver dato la mia disponibilit\u00e0 ad Angelo Vaccarezza ed al Popolo della Libert\u00e0 &#8211; spiega Nicolick &#8211; e dopo aver incassato il gradimento dei circoli sul  territorio, ho iniziato da circa quattro settimane a valutare le sue problematiche e le sue caratteristiche per inserire alcune possibili soluzioni nel mio programma&#8221;.<\/p>\n<p>&#8220;Questo collegio molto vasto &#8211; prosegue &#8211; non mi \u00e8 nuovo, infatti nel corso della campagna elettorale delle ultime provinciali e regionali, lo avevo percorso in lungo ed in largo per meglio approfondirne la conoscenza&#8221;.<\/p>\n","protected":false},"excerpt":{"rendered":"<p>[thumb:3672:l]Provincia. Roberto Nicolick, ex consigliere provinciale di minoranza, sar\u00e0 candidato per il Pdl nel collegio di Sassello &#8211; Dego. &#8220;Dopo aver dato la mia disponibilit\u00e0 ad Angelo Vaccarezza ed al Popolo della Libert\u00e0 &#8211; spiega Nicolick &#8211; e dopo aver incassato il gradimento dei circoli sul territorio, ho iniziato da circa quattro settimane a valutare [&hellip;]<\/p>\n","protected":false},"author":13744,"featured_media":0,"comment_status":"open","ping_status":"closed","sticky":false,"template":"","format":"standard","meta":{"footnotes":""},"categories":[31],"tags":[85904,218,216,3900,4422,85947],"class_list":["post-56798","post","type-post","status-publish","format-standard","hentry","category-politica","tag-dego","tag-elezioni","tag-pdl","tag-provinciali","tag-roberto-nicolick","tag-sassello","post_cat_citta-andora","post_cat_citta-dego","post_cat_citta-sassello"],"amp_validity":null,"amp_enabled":true,"_links":{"self":[{"href":"https:\/\/staging.ivg.it\/ediapi\/wp\/v2\/posts\/56798","targetHints":{"allow":["GET"]}}],"collection":[{"href":"https:\/\/staging.ivg.it\/ediapi\/wp\/v2\/posts"}],"about":[{"href":"https:\/\/staging.ivg.it\/ediapi\/wp\/v2\/types\/post"}],"author":[{"embeddable":true,"href":"https:\/\/staging.ivg.it\/ediapi\/wp\/v2\/users\/13744"}],"replies":[{"embeddable":true,"href":"https:\/\/staging.ivg.it\/ediapi\/wp\/v2\/comments?post=56798"}],"version-history":[{"count":0,"href":"https:\/\/staging.ivg.it\/ediapi\/wp\/v2\/posts\/56798\/revisions"}],"wp:attachment":[{"href":"https:\/\/staging.ivg.it\/ediapi\/wp\/v2\/media?parent=56798"}],"wp:term":[{"taxonomy":"category","embeddable":true,"href":"https:\/\/staging.ivg.it\/ediapi\/wp\/v2\/categories?post=56798"},{"taxonomy":"post_tag","embeddable":true,"href":"https:\/\/staging.ivg.it\/ediapi\/wp\/v2\/tags?post=56798"}],"curies":[{"name":"wp","href":"https:\/\/api.w.org\/{rel}","templated":true}]}}