{"id":56690,"date":"2009-04-18T11:25:23","date_gmt":"2009-04-18T09:25:23","guid":{"rendered":"http:\/\/www.ivg.it\/2009\/04\/18\/savona-domani-la-presentazione-del-libro-il-medico-di-caltavuturo\/"},"modified":"2009-04-18T11:25:23","modified_gmt":"2009-04-18T09:25:23","slug":"savona-domani-la-presentazione-del-libro-il-medico-di-caltavuturo","status":"publish","type":"post","link":"https:\/\/staging.ivg.it\/2009\/04\/savona-domani-la-presentazione-del-libro-il-medico-di-caltavuturo\/","title":{"rendered":"Savona, domani la presentazione del libro &#8220;Il medico di Caltavuturo&#8221;"},"content":{"rendered":"<p><strong>[thumb:11797:l]Savona<\/strong>. Domani, domenica 19 aprile, alle ore 17, la libreria Ubik di corso Italia a Savona ospiter\u00e0 la presentazione del libro di Maria Teresa Castellana dal titolo &#8220;Il medico di Caltavuturo&#8221;. Insieme all&#8217;autrice, presenter\u00e0 il volume Simona Morando, docente della facolt\u00e0 di Lettere dell&#8217;Universit\u00e0 di Genova. Interverr\u00e0 Franco Bonfanti.<\/p>\n<p>Il libro narra la storia di un medico siciliano che avverte, gi\u00e0 nell&#8217;infanzia, la sua vocazione e, per un giro di eventi, viene ad esercitarla in Liguria, a Savona, dove si colloca un lungo percorso di vita e di attivit\u00e0. Il protagonista, dunque, nasce a Caltavuturo, nelle Madonie, e infonde nella sua professione di medico di famiglia &#8211; il medico che sa ascoltare, accompagnare, consolare &#8211; tutta la generosit\u00e0 e l&#8217;altruismo meridionali, senza mai staccarsi definitivamente dal nido d&#8217;origine, pur completamente inserito nella terra della maturit\u00e0 e della vecchiaia.<\/p>\n<p>Emergono dal racconto, lieve e talvolta spassoso, profonde riflessioni sul modo di concepire la malattia, la cura, il dolore, il rapporto medico e paziente, che culmina nell&#8217;esperienza estrema del medico divenuto paziente di se stesso di fronte all&#8217;ultima ora. L&#8217;io narrante appartiene al dottor Felice, ma \u00e8 la figlia Maria Teresa Castellana che ha raccolto ed elaborato memorie sciolte del padre. Due voci in una sola voce: ironica, curiosa, appassionata e coinvolgente.<\/p>\n<p>Maria Teresa Castellana \u00e8 nata nel 1953 a Savona, dove vive e lavora. Giornalista pubblicista, ha collaborato con quotidiani, periodici, riviste letterarie. Ha ideato progetti culturali multiespressivi. Scrive racconti, poesie e fiabe  in parte pubblicati per l&#8217;editoria amatoriale, fuori dai circuiti commerciali. Da anni edita in proprio la Collana di plaquettes &#8220;I mandarini&#8221;. E&#8217; spesso ospite di scuole per raccontare favole e parlare del gioco della scrittura. Dipinge vecchie valigie.<\/p>\n","protected":false},"excerpt":{"rendered":"<p>[thumb:11797:l]Savona. Domani, domenica 19 aprile, alle ore 17, la libreria Ubik di corso Italia a Savona ospiter\u00e0 la presentazione del libro di Maria Teresa Castellana dal titolo &#8220;Il medico di Caltavuturo&#8221;. Insieme all&#8217;autrice, presenter\u00e0 il volume Simona Morando, docente della facolt\u00e0 di Lettere dell&#8217;Universit\u00e0 di Genova. Interverr\u00e0 Franco Bonfanti. Il libro narra la storia di [&hellip;]<\/p>\n","protected":false},"author":13744,"featured_media":0,"comment_status":"open","ping_status":"closed","sticky":false,"template":"","format":"standard","meta":{"footnotes":""},"categories":[],"tags":[2510,85850,86022],"class_list":["post-56690","post","type-post","status-publish","format-standard","hentry","tag-medico","tag-savona","tag-ubik","post_cat_citta-savona"],"amp_validity":null,"amp_enabled":true,"_links":{"self":[{"href":"https:\/\/staging.ivg.it\/ediapi\/wp\/v2\/posts\/56690","targetHints":{"allow":["GET"]}}],"collection":[{"href":"https:\/\/staging.ivg.it\/ediapi\/wp\/v2\/posts"}],"about":[{"href":"https:\/\/staging.ivg.it\/ediapi\/wp\/v2\/types\/post"}],"author":[{"embeddable":true,"href":"https:\/\/staging.ivg.it\/ediapi\/wp\/v2\/users\/13744"}],"replies":[{"embeddable":true,"href":"https:\/\/staging.ivg.it\/ediapi\/wp\/v2\/comments?post=56690"}],"version-history":[{"count":0,"href":"https:\/\/staging.ivg.it\/ediapi\/wp\/v2\/posts\/56690\/revisions"}],"wp:attachment":[{"href":"https:\/\/staging.ivg.it\/ediapi\/wp\/v2\/media?parent=56690"}],"wp:term":[{"taxonomy":"category","embeddable":true,"href":"https:\/\/staging.ivg.it\/ediapi\/wp\/v2\/categories?post=56690"},{"taxonomy":"post_tag","embeddable":true,"href":"https:\/\/staging.ivg.it\/ediapi\/wp\/v2\/tags?post=56690"}],"curies":[{"name":"wp","href":"https:\/\/api.w.org\/{rel}","templated":true}]}}