{"id":56603,"date":"2009-04-17T15:21:35","date_gmt":"2009-04-17T13:21:35","guid":{"rendered":"http:\/\/www.ivg.it\/2009\/04\/17\/autofiori-da-lunedi-carreggiata-unica-tra-andora-e-san-bartolomeo\/"},"modified":"2009-04-17T15:36:14","modified_gmt":"2009-04-17T13:36:14","slug":"autofiori-carreggiata-unica-tra-andora-e-san-bartolomeo-per-cinque-giorni","status":"publish","type":"post","link":"https:\/\/staging.ivg.it\/2009\/04\/autofiori-carreggiata-unica-tra-andora-e-san-bartolomeo-per-cinque-giorni\/","title":{"rendered":"Autofiori, carreggiata unica tra Andora e San Bartolomeo per cinque giorni"},"content":{"rendered":"<p><strong>[thumb:143:l]Andora<\/strong>. L&#8217;Autostrada dei Fiori ha reso noti i cantieri presenti da luned\u00ec 20 a venerd\u00ec 24 aprile sul tratto di sua competenza che, in situazioni particolari, potrebbero creare rallentamenti al traffico.<\/p>\n<p>L&#8217;unico cantiere previsto in provincia di Savona \u00e8 sulla carreggiata in direzione Francia, tra Andora e San Bartolomeo al Mare (dal km 93,1 al km 94,7). In tale tratto ci sar\u00e0 una riduzione della carreggiata da due a una corsia per manutenzione canali di gronda viadotto Merula (da luned\u00ec 20 a gioved\u00ec 23). Saranno invece numerosi i cantieri tra Imperia e il confine.<\/p>\n","protected":false},"excerpt":{"rendered":"<p>[thumb:143:l]Andora. L&#8217;Autostrada dei Fiori ha reso noti i cantieri presenti da luned\u00ec 20 a venerd\u00ec 24 aprile sul tratto di sua competenza che, in situazioni particolari, potrebbero creare rallentamenti al traffico. L&#8217;unico cantiere previsto in provincia di Savona \u00e8 sulla carreggiata in direzione Francia, tra Andora e San Bartolomeo al Mare (dal km 93,1 al [&hellip;]<\/p>\n","protected":false},"author":13744,"featured_media":0,"comment_status":"open","ping_status":"closed","sticky":false,"template":"","format":"standard","meta":{"footnotes":""},"categories":[56],"tags":[85847,3628,1606],"class_list":["post-56603","post","type-post","status-publish","format-standard","hentry","category-altre","tag-andora","tag-autostrada-dei-fiori","tag-cantieri"],"amp_validity":null,"amp_enabled":true,"_links":{"self":[{"href":"https:\/\/staging.ivg.it\/ediapi\/wp\/v2\/posts\/56603","targetHints":{"allow":["GET"]}}],"collection":[{"href":"https:\/\/staging.ivg.it\/ediapi\/wp\/v2\/posts"}],"about":[{"href":"https:\/\/staging.ivg.it\/ediapi\/wp\/v2\/types\/post"}],"author":[{"embeddable":true,"href":"https:\/\/staging.ivg.it\/ediapi\/wp\/v2\/users\/13744"}],"replies":[{"embeddable":true,"href":"https:\/\/staging.ivg.it\/ediapi\/wp\/v2\/comments?post=56603"}],"version-history":[{"count":0,"href":"https:\/\/staging.ivg.it\/ediapi\/wp\/v2\/posts\/56603\/revisions"}],"wp:attachment":[{"href":"https:\/\/staging.ivg.it\/ediapi\/wp\/v2\/media?parent=56603"}],"wp:term":[{"taxonomy":"category","embeddable":true,"href":"https:\/\/staging.ivg.it\/ediapi\/wp\/v2\/categories?post=56603"},{"taxonomy":"post_tag","embeddable":true,"href":"https:\/\/staging.ivg.it\/ediapi\/wp\/v2\/tags?post=56603"}],"curies":[{"name":"wp","href":"https:\/\/api.w.org\/{rel}","templated":true}]}}