{"id":56485,"date":"2009-04-16T13:36:21","date_gmt":"2009-04-16T11:36:21","guid":{"rendered":"http:\/\/www.ivg.it\/2009\/04\/16\/lavagnola-domenica-la-festa-di-primavera\/"},"modified":"2009-04-16T13:36:21","modified_gmt":"2009-04-16T11:36:21","slug":"lavagnola-domenica-la-festa-di-primavera","status":"publish","type":"post","link":"https:\/\/staging.ivg.it\/2009\/04\/lavagnola-domenica-la-festa-di-primavera\/","title":{"rendered":"Lavagnola, domenica la &#8220;Festa di Primavera&#8221;"},"content":{"rendered":"<p><strong>[thumb:10630:l]Savona<\/strong>. L&#8217;assessorato ai Quartieri e la Prima Circoscrizione di Savona, in collaborazione con Confesercenti, Ascom e Confraternita di San Dalmazio, organizzano per domenica 19 aprile la prima &#8220;Festa di Primavera&#8221; a Lavagnola.<\/p>\n<p>Il programma della giornata comprende un mercatino in via Crispi dalle 8 alle 20, un&#8217;esposizione e vendita di prodotti vari, animazione con Ago il Mago. La chiesetta di San Martino rester\u00e0 aperta e, alle ore 9, si svolger\u00e0 un momento di preghiera. Alle ore 20,30, presso l&#8217;Oratorio di San Dalmazio, si terr\u00e0 l&#8217;esibizione musicale di Carlo Aonzo (mandolino), Elena Buttiero (spinetta antica), Maria Catharina Smits (canto) sul tema &#8220;Tornando dalle Americhe&#8221;.<\/p>\n<p>&#8220;Si tratta di una felice collaborazione tra l&#8217;assessorato ai Quartieri e la Prima Circoscrizione &#8211; dichiara l&#8217;assessore Lirosi &#8211; La manifestazione far\u00e0 vivere il quartiere, incontrare le persone in una giornata di festa, creer\u00e0 occasione di aggregazione sociale in una delle periferie cittadine. L&#8217;assessorato \u00e8 ben lieto di promuovere queste manifestazioni, in favore di tutti i cittadine di Savona e, anche su questa linea, sta lavorando&#8221;.<\/p>\n","protected":false},"excerpt":{"rendered":"<p>[thumb:10630:l]Savona. L&#8217;assessorato ai Quartieri e la Prima Circoscrizione di Savona, in collaborazione con Confesercenti, Ascom e Confraternita di San Dalmazio, organizzano per domenica 19 aprile la prima &#8220;Festa di Primavera&#8221; a Lavagnola. Il programma della giornata comprende un mercatino in via Crispi dalle 8 alle 20, un&#8217;esposizione e vendita di prodotti vari, animazione con Ago [&hellip;]<\/p>\n","protected":false},"author":13744,"featured_media":0,"comment_status":"open","ping_status":"closed","sticky":false,"template":"","format":"standard","meta":{"footnotes":""},"categories":[],"tags":[2527,369,1377,85850],"class_list":["post-56485","post","type-post","status-publish","format-standard","hentry","tag-confesercenti","tag-festa","tag-lavagnola","tag-savona","post_cat_citta-savona"],"amp_validity":null,"amp_enabled":true,"_links":{"self":[{"href":"https:\/\/staging.ivg.it\/ediapi\/wp\/v2\/posts\/56485","targetHints":{"allow":["GET"]}}],"collection":[{"href":"https:\/\/staging.ivg.it\/ediapi\/wp\/v2\/posts"}],"about":[{"href":"https:\/\/staging.ivg.it\/ediapi\/wp\/v2\/types\/post"}],"author":[{"embeddable":true,"href":"https:\/\/staging.ivg.it\/ediapi\/wp\/v2\/users\/13744"}],"replies":[{"embeddable":true,"href":"https:\/\/staging.ivg.it\/ediapi\/wp\/v2\/comments?post=56485"}],"version-history":[{"count":0,"href":"https:\/\/staging.ivg.it\/ediapi\/wp\/v2\/posts\/56485\/revisions"}],"wp:attachment":[{"href":"https:\/\/staging.ivg.it\/ediapi\/wp\/v2\/media?parent=56485"}],"wp:term":[{"taxonomy":"category","embeddable":true,"href":"https:\/\/staging.ivg.it\/ediapi\/wp\/v2\/categories?post=56485"},{"taxonomy":"post_tag","embeddable":true,"href":"https:\/\/staging.ivg.it\/ediapi\/wp\/v2\/tags?post=56485"}],"curies":[{"name":"wp","href":"https:\/\/api.w.org\/{rel}","templated":true}]}}