{"id":56458,"date":"2009-04-16T11:32:34","date_gmt":"2009-04-16T09:32:34","guid":{"rendered":"http:\/\/www.ivg.it\/2009\/04\/16\/furto-in-casa-a-balestrino-la-vittima-apre-la-porta-ai-ladri\/"},"modified":"2009-04-17T08:35:39","modified_gmt":"2009-04-17T06:35:39","slug":"furto-in-casa-a-balestrino-la-vittima-apre-la-porta-ai-ladri","status":"publish","type":"post","link":"https:\/\/staging.ivg.it\/2009\/04\/furto-in-casa-a-balestrino-la-vittima-apre-la-porta-ai-ladri\/","title":{"rendered":"Furto in casa a Balestrino: la vittima apre la porta ai ladri"},"content":{"rendered":"<p><strong>[thumb:5251:l]Balestrino<\/strong>. Furto in un&#8217;abitazione privata durante la notte, a Balestrino, borgo dell&#8217;entroterra nella Val Varatella. Intorno alle 3, una donna che stava dormendo da sola all&#8217;interno dell&#8217;edificio ha sentito armeggiare alla finestra e poco dopo ha udito il rumore di un vetro infranto. Si \u00e8 alzata da letto ed \u00e8 corsa ad aprile la porta d&#8217;ingresso. Si \u00e8 trovata di fronte un uomo e una donna: entrambi indossavano un casco da motociclista.<\/p>\n<p>I due malviventi sono entrati nell&#8217;abitazione senza proferire parola ed hanno iniziato a frugare dappertutto, di fronte alla donna impietrita per la paura. Dopo aver trovato 350 euro in contanti, i due sono usciti e si sono allontanati. Soltanto quando si \u00e8 ripresa dallo spavento, la donna ha chiamato i carabinieri. I militari sono giunti sul posto per compiere un sopralluogo ed hanno ascoltato la testimonianza della vittima del furto. Ma quest&#8217;ultima ha saputo fornire solamente una descrizione sommaria dei ladri, i cui volti erano coperti dai caschi.<\/p>\n","protected":false},"excerpt":{"rendered":"<p>[thumb:5251:l]Balestrino. Furto in un&#8217;abitazione privata durante la notte, a Balestrino, borgo dell&#8217;entroterra nella Val Varatella. Intorno alle 3, una donna che stava dormendo da sola all&#8217;interno dell&#8217;edificio ha sentito armeggiare alla finestra e poco dopo ha udito il rumore di un vetro infranto. Si \u00e8 alzata da letto ed \u00e8 corsa ad aprile la porta [&hellip;]<\/p>\n","protected":false},"author":5,"featured_media":0,"comment_status":"open","ping_status":"closed","sticky":false,"template":"","format":"standard","meta":{"footnotes":""},"categories":[34],"tags":[85875,228,8696,1034,4139,1445,8838],"class_list":["post-56458","post","type-post","status-publish","format-standard","hentry","category-cronaca","tag-balestrino","tag-carabinieri","tag-denaro","tag-furto","tag-indagini","tag-ladri","tag-malviventi","post_cat_citta-andora","post_cat_citta-balestrino"],"amp_validity":null,"amp_enabled":true,"_links":{"self":[{"href":"https:\/\/staging.ivg.it\/ediapi\/wp\/v2\/posts\/56458","targetHints":{"allow":["GET"]}}],"collection":[{"href":"https:\/\/staging.ivg.it\/ediapi\/wp\/v2\/posts"}],"about":[{"href":"https:\/\/staging.ivg.it\/ediapi\/wp\/v2\/types\/post"}],"author":[{"embeddable":true,"href":"https:\/\/staging.ivg.it\/ediapi\/wp\/v2\/users\/5"}],"replies":[{"embeddable":true,"href":"https:\/\/staging.ivg.it\/ediapi\/wp\/v2\/comments?post=56458"}],"version-history":[{"count":0,"href":"https:\/\/staging.ivg.it\/ediapi\/wp\/v2\/posts\/56458\/revisions"}],"wp:attachment":[{"href":"https:\/\/staging.ivg.it\/ediapi\/wp\/v2\/media?parent=56458"}],"wp:term":[{"taxonomy":"category","embeddable":true,"href":"https:\/\/staging.ivg.it\/ediapi\/wp\/v2\/categories?post=56458"},{"taxonomy":"post_tag","embeddable":true,"href":"https:\/\/staging.ivg.it\/ediapi\/wp\/v2\/tags?post=56458"}],"curies":[{"name":"wp","href":"https:\/\/api.w.org\/{rel}","templated":true}]}}