{"id":56457,"date":"2009-04-16T11:05:14","date_gmt":"2009-04-16T09:05:14","guid":{"rendered":"http:\/\/www.ivg.it\/2009\/04\/16\/savona-incontro-con-aldo-garzia-alla-libreria-ubik\/"},"modified":"2009-04-16T11:05:14","modified_gmt":"2009-04-16T09:05:14","slug":"savona-incontro-con-aldo-garzia-alla-libreria-ubik","status":"publish","type":"post","link":"https:\/\/staging.ivg.it\/2009\/04\/savona-incontro-con-aldo-garzia-alla-libreria-ubik\/","title":{"rendered":"Savona, incontro con Aldo Garzia alla libreria Ubik"},"content":{"rendered":"<p><strong>[thumb:11761:l]Savona<\/strong>. Domani, venerd\u00ec 17 aprile, alle ore 18, la libreria Ubik di corso Italia a Savona ospiter\u00e0 un incontro con Aldo Garzia sul tema &#8220;La sinistra europea da Olof Palme a Zapatero&#8221;, a cura dell&#8217;Associazione per la Sinistra di Savona. Verranno presentati i libri &#8220;Olof Palme. Vita e assassinio di un socialista europeo&#8221;, e &#8220;Zapatero. Il socialismo dei cittadini&#8221;<\/p>\n<p>&#8220;C&#8217;\u00e8 un legame tra le culture e l&#8217;agire politico delle due personalit\u00e0 &#8211; spiegano gli organizzatori dell&#8217;incontro &#8211; I due libri di Aldo Garzia vengono quindi presentati congiuntamente. Entrambi gli uomini politici sono stati leader di forti movimenti di rinnovamento nei rispettivi paesi, facendo leva su principi quali la laicit\u00e0 dello Stato e la redistribuzione della ricchezza, e questo grazie all&#8217;unit\u00e0 delle forze di sinistra che li hanno sostenuti, pur nell&#8217;ambito di pluralit\u00e0 di opinioni e di valori.<\/p>\n<p>In serata, alle ore 20, cena presso la Societ\u00e0 SMS di Ciantagalletto (cena a men\u00f9 fisso; per prenotazioni: 01978386874), dove Aldo Garzia presenter\u00e0 il libro &#8220;Che Guevara da tasca&#8221;.<\/p>\n","protected":false},"excerpt":{"rendered":"<p>[thumb:11761:l]Savona. Domani, venerd\u00ec 17 aprile, alle ore 18, la libreria Ubik di corso Italia a Savona ospiter\u00e0 un incontro con Aldo Garzia sul tema &#8220;La sinistra europea da Olof Palme a Zapatero&#8221;, a cura dell&#8217;Associazione per la Sinistra di Savona. Verranno presentati i libri &#8220;Olof Palme. Vita e assassinio di un socialista europeo&#8221;, e &#8220;Zapatero. [&hellip;]<\/p>\n","protected":false},"author":13744,"featured_media":0,"comment_status":"open","ping_status":"closed","sticky":false,"template":"","format":"standard","meta":{"footnotes":""},"categories":[],"tags":[1477,85850],"class_list":["post-56457","post","type-post","status-publish","format-standard","hentry","tag-libreria-ubik","tag-savona","post_cat_citta-savona"],"amp_validity":null,"amp_enabled":true,"_links":{"self":[{"href":"https:\/\/staging.ivg.it\/ediapi\/wp\/v2\/posts\/56457","targetHints":{"allow":["GET"]}}],"collection":[{"href":"https:\/\/staging.ivg.it\/ediapi\/wp\/v2\/posts"}],"about":[{"href":"https:\/\/staging.ivg.it\/ediapi\/wp\/v2\/types\/post"}],"author":[{"embeddable":true,"href":"https:\/\/staging.ivg.it\/ediapi\/wp\/v2\/users\/13744"}],"replies":[{"embeddable":true,"href":"https:\/\/staging.ivg.it\/ediapi\/wp\/v2\/comments?post=56457"}],"version-history":[{"count":0,"href":"https:\/\/staging.ivg.it\/ediapi\/wp\/v2\/posts\/56457\/revisions"}],"wp:attachment":[{"href":"https:\/\/staging.ivg.it\/ediapi\/wp\/v2\/media?parent=56457"}],"wp:term":[{"taxonomy":"category","embeddable":true,"href":"https:\/\/staging.ivg.it\/ediapi\/wp\/v2\/categories?post=56457"},{"taxonomy":"post_tag","embeddable":true,"href":"https:\/\/staging.ivg.it\/ediapi\/wp\/v2\/tags?post=56457"}],"curies":[{"name":"wp","href":"https:\/\/api.w.org\/{rel}","templated":true}]}}