{"id":56264,"date":"2009-04-14T15:00:41","date_gmt":"2009-04-14T13:00:41","guid":{"rendered":"http:\/\/www.ivg.it\/2009\/04\/14\/carcare-giovane-albanese-denunciato-per-unaggressione\/"},"modified":"2009-04-15T09:11:47","modified_gmt":"2009-04-15T07:11:47","slug":"carcare-giovane-albanese-denunciato-per-unaggressione","status":"publish","type":"post","link":"https:\/\/staging.ivg.it\/2009\/04\/carcare-giovane-albanese-denunciato-per-unaggressione\/","title":{"rendered":"Carcare, aggressione in un bar: denunciato albanese"},"content":{"rendered":"<p><strong>[thumb:299:l]Carcare<\/strong>. I carabinieri della stazione di Carcare sono riusciti ad identificare il protagonista dell&#8217;aggressione avvenuta ieri pomeriggio nella cittadina valbormidese, presso il bar Rosa Fiorita, in piazza Sapeto. Si tratta di un cittadino di nazionalit\u00e0 albanese, I.B., 20 anni, pregiudicato, residente a Cairo Montenotte.<\/p>\n<p>Il 20enne \u00e8 stato denunciato in stato di libert\u00e0 per lesioni personali gravi. Intanto le condizioni della vittima dell&#8217;aggressione, il marocchino Mohamed Rizqy, sono in via di miglioramento. Per lui la prognosi \u00e8 di 30 giorni. Al momento non sono noti i motivi della lite: sono in corso ulteriori accertamenti da parte dei carabinieri.<\/p>\n","protected":false},"excerpt":{"rendered":"<p>[thumb:299:l]Carcare. I carabinieri della stazione di Carcare sono riusciti ad identificare il protagonista dell&#8217;aggressione avvenuta ieri pomeriggio nella cittadina valbormidese, presso il bar Rosa Fiorita, in piazza Sapeto. Si tratta di un cittadino di nazionalit\u00e0 albanese, I.B., 20 anni, pregiudicato, residente a Cairo Montenotte. Il 20enne \u00e8 stato denunciato in stato di libert\u00e0 per lesioni [&hellip;]<\/p>\n","protected":false},"author":4,"featured_media":0,"comment_status":"open","ping_status":"closed","sticky":false,"template":"","format":"standard","meta":{"footnotes":""},"categories":[34],"tags":[717,228,85852,1188,340],"class_list":["post-56264","post","type-post","status-publish","format-standard","hentry","category-cronaca","tag-aggressione","tag-carabinieri","tag-carcare","tag-denuncia","tag-lite","post_cat_citta-carcare"],"amp_validity":null,"amp_enabled":true,"_links":{"self":[{"href":"https:\/\/staging.ivg.it\/ediapi\/wp\/v2\/posts\/56264","targetHints":{"allow":["GET"]}}],"collection":[{"href":"https:\/\/staging.ivg.it\/ediapi\/wp\/v2\/posts"}],"about":[{"href":"https:\/\/staging.ivg.it\/ediapi\/wp\/v2\/types\/post"}],"author":[{"embeddable":true,"href":"https:\/\/staging.ivg.it\/ediapi\/wp\/v2\/users\/4"}],"replies":[{"embeddable":true,"href":"https:\/\/staging.ivg.it\/ediapi\/wp\/v2\/comments?post=56264"}],"version-history":[{"count":0,"href":"https:\/\/staging.ivg.it\/ediapi\/wp\/v2\/posts\/56264\/revisions"}],"wp:attachment":[{"href":"https:\/\/staging.ivg.it\/ediapi\/wp\/v2\/media?parent=56264"}],"wp:term":[{"taxonomy":"category","embeddable":true,"href":"https:\/\/staging.ivg.it\/ediapi\/wp\/v2\/categories?post=56264"},{"taxonomy":"post_tag","embeddable":true,"href":"https:\/\/staging.ivg.it\/ediapi\/wp\/v2\/tags?post=56264"}],"curies":[{"name":"wp","href":"https:\/\/api.w.org\/{rel}","templated":true}]}}