{"id":56256,"date":"2009-04-14T14:57:48","date_gmt":"2009-04-14T12:57:48","guid":{"rendered":"http:\/\/www.ivg.it\/2009\/04\/14\/regione-convegno-su-immigrazione-e-religioni\/"},"modified":"2009-04-14T14:57:48","modified_gmt":"2009-04-14T12:57:48","slug":"regione-convegno-su-immigrazione-e-religioni","status":"publish","type":"post","link":"https:\/\/staging.ivg.it\/2009\/04\/regione-convegno-su-immigrazione-e-religioni\/","title":{"rendered":"Regione, convegno su immigrazione e religioni"},"content":{"rendered":"<p><strong>[thumb:2597:l]Regione<\/strong>. &#8220;Il mio Dio ti fa paura?&#8221; \u00e8 il tema di un incontro che si terr\u00e0 domani, mercoled\u00ec 15 aprile dalle ore 15 alle 18, presso la sala espositiva della Regione Liguria in piazza De Ferrari 1 a Genova.<\/p>\n<p>&#8220;Immigrazione e paura &#8211; spiegano gli organizzatori del convegno &#8211; \u00e8 la coppia pi\u00f9 di successo degli ultimi tempi, tanto mediatica da essere riuscita a mettere in ombra per mesi la crisi economica. Il discorso riguardo all&#8217;immigrazione e alle religioni diverse dalla cattolica sui media principali continua ad essere caratterizzato da un linguaggio allarmistico e cronachistico&#8221;.<\/p>\n<p>&#8220;Accanto all&#8217;indispensabile laicit\u00e0 dello Stato &#8211; proseguono &#8211; il diritto a praticare la propria religione \u00e8 alla base delle societ\u00e0 democratiche occidentali, \u00e8 sancito anche dalla nostra Costituzione, ed \u00e8 inteso sempre pi\u00f9 come elemento profondamente connesso al rispetto dell&#8217;identit\u00e0 culturale dei cittadini di origine straniera. E l&#8217;integrazione, in Italia, \u00e8 costruita giorno per giorno nelle relazioni concrete, dagli insegnanti e dagli operatori sociali che si impegnano e ottengono risultati semplicemente pensando di fare il loro dovere, da tanti genitori che vivono serenamente la pluralit\u00e0 delle classi in cui sono inseriti i loro figli&#8221;.<\/p>\n<p>Africa e Mediterraneo e Anolf Liguria propongono un convegno per discuterne, al termine del quale sar\u00e0 inaugurata la mostra didattica &#8220;Valori Comuni&#8221;. Il perdono, la non violenza, il rispetto dell&#8217;altro, la condivisione e la non discriminazione: questi i cinque valori alla base della mostra, realizzata a partire da fumetti di autori africani. La mostra sar\u00e0 aperta dal 15 al 24 aprile dalle 12,30 alle 18,30. Ingresso libero e visite guidate su prenotazione fino ad esaurimento delle disponibilit\u00e0.<\/p>\n<p>Durante l&#8217;incontro interverranno Claudia Nosenghi, Centro Risorse Alunni Stranieri di Genova, Massimo Repetti, Antropologo, Coordinatore scientifico del progetto Valori Comuni, Vincenzo Fano, Docente di Logica e Filosofia della Scienza, Universit\u00e0 di Urbino, Modou Kandji, Responsabile sportello immigrati, Federazione solidariet\u00e0 e lavoro, Rassmea Salah, Yalla Italia, rivista delle seconde generazioni.<\/p>\n","protected":false},"excerpt":{"rendered":"<p>[thumb:2597:l]Regione. &#8220;Il mio Dio ti fa paura?&#8221; \u00e8 il tema di un incontro che si terr\u00e0 domani, mercoled\u00ec 15 aprile dalle ore 15 alle 18, presso la sala espositiva della Regione Liguria in piazza De Ferrari 1 a Genova. &#8220;Immigrazione e paura &#8211; spiegano gli organizzatori del convegno &#8211; \u00e8 la coppia pi\u00f9 di successo [&hellip;]<\/p>\n","protected":false},"author":13744,"featured_media":0,"comment_status":"open","ping_status":"closed","sticky":false,"template":"","format":"standard","meta":{"footnotes":""},"categories":[],"tags":[8737,737,1550,295,8735],"class_list":["post-56256","post","type-post","status-publish","format-standard","hentry","tag-fede","tag-genova","tag-immigrazione","tag-regione","tag-religioni","post_cat_citta-andora"],"amp_validity":null,"amp_enabled":true,"_links":{"self":[{"href":"https:\/\/staging.ivg.it\/ediapi\/wp\/v2\/posts\/56256","targetHints":{"allow":["GET"]}}],"collection":[{"href":"https:\/\/staging.ivg.it\/ediapi\/wp\/v2\/posts"}],"about":[{"href":"https:\/\/staging.ivg.it\/ediapi\/wp\/v2\/types\/post"}],"author":[{"embeddable":true,"href":"https:\/\/staging.ivg.it\/ediapi\/wp\/v2\/users\/13744"}],"replies":[{"embeddable":true,"href":"https:\/\/staging.ivg.it\/ediapi\/wp\/v2\/comments?post=56256"}],"version-history":[{"count":0,"href":"https:\/\/staging.ivg.it\/ediapi\/wp\/v2\/posts\/56256\/revisions"}],"wp:attachment":[{"href":"https:\/\/staging.ivg.it\/ediapi\/wp\/v2\/media?parent=56256"}],"wp:term":[{"taxonomy":"category","embeddable":true,"href":"https:\/\/staging.ivg.it\/ediapi\/wp\/v2\/categories?post=56256"},{"taxonomy":"post_tag","embeddable":true,"href":"https:\/\/staging.ivg.it\/ediapi\/wp\/v2\/tags?post=56256"}],"curies":[{"name":"wp","href":"https:\/\/api.w.org\/{rel}","templated":true}]}}