{"id":55819,"date":"2009-04-08T17:22:05","date_gmt":"2009-04-08T15:22:05","guid":{"rendered":"http:\/\/www.ivg.it\/2009\/04\/08\/cairo-47enne-in-carcere-per-violenza-su-minore\/"},"modified":"2009-04-08T18:42:24","modified_gmt":"2009-04-08T16:42:24","slug":"cairo-47enne-in-carcere-per-violenza-su-minore","status":"publish","type":"post","link":"https:\/\/staging.ivg.it\/2009\/04\/cairo-47enne-in-carcere-per-violenza-su-minore\/","title":{"rendered":"Cairo, 47enne in carcere per violenza su minore"},"content":{"rendered":"<p><strong>[thumb:10600:l]Cairo M.<\/strong> N.M., 47 anni, gi\u00e0 arrestato il 28 febbraio 2008 per violenza sessuale su minore, \u00e8 stato arrestato questa mattina dai carabinieri di Cairo Montenotte. Nei confronti dell&#8217;uomo \u00e8 scattata la revoca degli arresti domiciliari: i militari hanno quindi eseguito l&#8217;ordinanza di custodia cautelare in carcere emessa dal Tribunale.<\/p>\n","protected":false},"excerpt":{"rendered":"<p>[thumb:10600:l]Cairo M. N.M., 47 anni, gi\u00e0 arrestato il 28 febbraio 2008 per violenza sessuale su minore, \u00e8 stato arrestato questa mattina dai carabinieri di Cairo Montenotte. Nei confronti dell&#8217;uomo \u00e8 scattata la revoca degli arresti domiciliari: i militari hanno quindi eseguito l&#8217;ordinanza di custodia cautelare in carcere emessa dal Tribunale.<\/p>\n","protected":false},"author":4,"featured_media":0,"comment_status":"open","ping_status":"closed","sticky":false,"template":"","format":"standard","meta":{"footnotes":""},"categories":[34],"tags":[188,4189,85987,228,249,2423,1841,1929],"class_list":["post-55819","post","type-post","status-publish","format-standard","hentry","category-cronaca","tag-arresti","tag-arresti-domiciliari","tag-cairo-montenotte","tag-carabinieri","tag-domiciliari","tag-minore","tag-violenza","tag-violenza-sessuale","post_cat_citta-andora","post_cat_citta-cairo-montenotte"],"amp_validity":null,"amp_enabled":true,"_links":{"self":[{"href":"https:\/\/staging.ivg.it\/ediapi\/wp\/v2\/posts\/55819","targetHints":{"allow":["GET"]}}],"collection":[{"href":"https:\/\/staging.ivg.it\/ediapi\/wp\/v2\/posts"}],"about":[{"href":"https:\/\/staging.ivg.it\/ediapi\/wp\/v2\/types\/post"}],"author":[{"embeddable":true,"href":"https:\/\/staging.ivg.it\/ediapi\/wp\/v2\/users\/4"}],"replies":[{"embeddable":true,"href":"https:\/\/staging.ivg.it\/ediapi\/wp\/v2\/comments?post=55819"}],"version-history":[{"count":0,"href":"https:\/\/staging.ivg.it\/ediapi\/wp\/v2\/posts\/55819\/revisions"}],"wp:attachment":[{"href":"https:\/\/staging.ivg.it\/ediapi\/wp\/v2\/media?parent=55819"}],"wp:term":[{"taxonomy":"category","embeddable":true,"href":"https:\/\/staging.ivg.it\/ediapi\/wp\/v2\/categories?post=55819"},{"taxonomy":"post_tag","embeddable":true,"href":"https:\/\/staging.ivg.it\/ediapi\/wp\/v2\/tags?post=55819"}],"curies":[{"name":"wp","href":"https:\/\/api.w.org\/{rel}","templated":true}]}}