{"id":55744,"date":"2009-04-08T11:34:38","date_gmt":"2009-04-08T09:34:38","guid":{"rendered":"http:\/\/www.ivg.it\/2009\/04\/08\/sondaggio-ivgit-burlando-siamo-in-rimonta\/"},"modified":"2009-04-08T18:39:52","modified_gmt":"2009-04-08T16:39:52","slug":"sondaggio-ivgit-burlando-siamo-in-rimonta","status":"publish","type":"post","link":"https:\/\/staging.ivg.it\/2009\/04\/sondaggio-ivgit-burlando-siamo-in-rimonta\/","title":{"rendered":"Sondaggio IVG.it, Burlando: &#8220;Siamo in rimonta&#8221;"},"content":{"rendered":"<p><strong>[thumb:2790:l]Savona.<\/strong> &#8220;Penso che Michele Boffa sia stata una buona scelta e che abbia le possibilit\u00e0 di vincere, molto dipender\u00e0 dalla capacit\u00e0 di aggregare consensi dal primo al secondo turno visto che sembra probabile il ballottaggio&#8221;. Commenta cos\u00ec il presidente della Regione Liguria Claudio Burlando il sondaggio in esclusiva pubblicato da IVG.it sulle prossime elezioni provinciali.<\/p>\n<p>&#8220;La mia sensazione e ch\u00e8 si stia recupernado terreno e che l&#8217;attuale fase di rilancio del Pd e del centro sinistra possa portare risultati anche qui a Savona&#8230;&#8221;, ha aggiunto Burlando.<\/p>\n<p>E se il dato politico-elettorale Savonese avr\u00e0 dirette influenze sul voto regionale del 2010: &#8220;E&#8217; difficile dirlo &#8211; ha risposto il governatore ligure -, la Regione conclude un lungo ciclo di consultazioni locali e sar\u00e0 senz&#8217;altro un momento decisivo per la politica ligure. Resto comunque affezionato all&#8217;idea che il risultato si misurer\u00e0 sui fatti e sulle cose concrete realizzate da questa amministrazione regionale, quindi sono molto ottimista&#8230;&#8221;.<\/p>\n","protected":false},"excerpt":{"rendered":"<p>[thumb:2790:l]Savona. &#8220;Penso che Michele Boffa sia stata una buona scelta e che abbia le possibilit\u00e0 di vincere, molto dipender\u00e0 dalla capacit\u00e0 di aggregare consensi dal primo al secondo turno visto che sembra probabile il ballottaggio&#8221;. Commenta cos\u00ec il presidente della Regione Liguria Claudio Burlando il sondaggio in esclusiva pubblicato da IVG.it sulle prossime elezioni provinciali. [&hellip;]<\/p>\n","protected":false},"author":4,"featured_media":0,"comment_status":"open","ping_status":"closed","sticky":false,"template":"","format":"standard","meta":{"footnotes":""},"categories":[31],"tags":[284,2288,3433,3211,197,85831,85850,4356],"class_list":["post-55744","post","type-post","status-publish","format-standard","hentry","category-politica","tag-claudio-burlando","tag-elezioni-provinciali","tag-ivgit","tag-michele-boffa","tag-pd","tag-politica","tag-savona","tag-sondaggio","post_cat_citta-andora","post_cat_citta-savona"],"amp_validity":null,"amp_enabled":true,"_links":{"self":[{"href":"https:\/\/staging.ivg.it\/ediapi\/wp\/v2\/posts\/55744","targetHints":{"allow":["GET"]}}],"collection":[{"href":"https:\/\/staging.ivg.it\/ediapi\/wp\/v2\/posts"}],"about":[{"href":"https:\/\/staging.ivg.it\/ediapi\/wp\/v2\/types\/post"}],"author":[{"embeddable":true,"href":"https:\/\/staging.ivg.it\/ediapi\/wp\/v2\/users\/4"}],"replies":[{"embeddable":true,"href":"https:\/\/staging.ivg.it\/ediapi\/wp\/v2\/comments?post=55744"}],"version-history":[{"count":0,"href":"https:\/\/staging.ivg.it\/ediapi\/wp\/v2\/posts\/55744\/revisions"}],"wp:attachment":[{"href":"https:\/\/staging.ivg.it\/ediapi\/wp\/v2\/media?parent=55744"}],"wp:term":[{"taxonomy":"category","embeddable":true,"href":"https:\/\/staging.ivg.it\/ediapi\/wp\/v2\/categories?post=55744"},{"taxonomy":"post_tag","embeddable":true,"href":"https:\/\/staging.ivg.it\/ediapi\/wp\/v2\/tags?post=55744"}],"curies":[{"name":"wp","href":"https:\/\/api.w.org\/{rel}","templated":true}]}}