{"id":55638,"date":"2009-04-07T14:45:49","date_gmt":"2009-04-07T12:45:49","guid":{"rendered":"http:\/\/www.ivg.it\/2009\/04\/07\/sinistra-e-liberta-domani-la-presentazione-della-lista-unitaria\/"},"modified":"2009-04-07T17:18:01","modified_gmt":"2009-04-07T15:18:01","slug":"sinistra-e-liberta-domani-la-presentazione-della-lista-unitaria","status":"publish","type":"post","link":"https:\/\/staging.ivg.it\/2009\/04\/sinistra-e-liberta-domani-la-presentazione-della-lista-unitaria\/","title":{"rendered":"Sinistra e Libert\u00e0, domani la presentazione della lista unitaria"},"content":{"rendered":"<p><strong>[thumb:11591:l]Regione<\/strong>. &#8220;Emergenza sociale, laicit\u00e0, ambiente &#8211; Dalla Liguria all&#8217;Europa il progetto politico della lista unitaria&#8221;. E&#8217; il tema della presentazione della lista di Sinistra e Libert\u00e0, che avverr\u00e0 domani, mercoled\u00ec 8 aprile alle ore 12, presso la Regione Liguria in via Fieschi 15, al primo piano della torre B, sala R5.<\/p>\n<p>All&#8217;incontro interverranno Cristina Morelli, presidente regionale dei Verdi Liguri, Stefano Quaranta, coordinatore regionale Sinistra Democratica, Simone Leoncini, coordinatore regionale Movimento per la Sinistra, Mauro Gradi, segretario regionale Partito Socialista, e Alberto Corradi, coordinatore regionale Unire la Sinistra.<\/p>\n","protected":false},"excerpt":{"rendered":"<p>[thumb:11591:l]Regione. &#8220;Emergenza sociale, laicit\u00e0, ambiente &#8211; Dalla Liguria all&#8217;Europa il progetto politico della lista unitaria&#8221;. E&#8217; il tema della presentazione della lista di Sinistra e Libert\u00e0, che avverr\u00e0 domani, mercoled\u00ec 8 aprile alle ore 12, presso la Regione Liguria in via Fieschi 15, al primo piano della torre B, sala R5. All&#8217;incontro interverranno Cristina Morelli, [&hellip;]<\/p>\n","protected":false},"author":13744,"featured_media":0,"comment_status":"open","ping_status":"closed","sticky":false,"template":"","format":"standard","meta":{"footnotes":""},"categories":[31],"tags":[8473,218,2914,295,8472,8474],"class_list":["post-55638","post","type-post","status-publish","format-standard","hentry","category-politica","tag-cristina-morelli","tag-elezioni","tag-lista","tag-regione","tag-sinistra-e-liberta","tag-stefano-quaranta","post_cat_citta-andora"],"amp_validity":null,"amp_enabled":true,"_links":{"self":[{"href":"https:\/\/staging.ivg.it\/ediapi\/wp\/v2\/posts\/55638","targetHints":{"allow":["GET"]}}],"collection":[{"href":"https:\/\/staging.ivg.it\/ediapi\/wp\/v2\/posts"}],"about":[{"href":"https:\/\/staging.ivg.it\/ediapi\/wp\/v2\/types\/post"}],"author":[{"embeddable":true,"href":"https:\/\/staging.ivg.it\/ediapi\/wp\/v2\/users\/13744"}],"replies":[{"embeddable":true,"href":"https:\/\/staging.ivg.it\/ediapi\/wp\/v2\/comments?post=55638"}],"version-history":[{"count":0,"href":"https:\/\/staging.ivg.it\/ediapi\/wp\/v2\/posts\/55638\/revisions"}],"wp:attachment":[{"href":"https:\/\/staging.ivg.it\/ediapi\/wp\/v2\/media?parent=55638"}],"wp:term":[{"taxonomy":"category","embeddable":true,"href":"https:\/\/staging.ivg.it\/ediapi\/wp\/v2\/categories?post=55638"},{"taxonomy":"post_tag","embeddable":true,"href":"https:\/\/staging.ivg.it\/ediapi\/wp\/v2\/tags?post=55638"}],"curies":[{"name":"wp","href":"https:\/\/api.w.org\/{rel}","templated":true}]}}