{"id":55623,"date":"2009-04-07T14:26:52","date_gmt":"2009-04-07T12:26:52","guid":{"rendered":"http:\/\/www.ivg.it\/2009\/04\/07\/fior-dalbenga-al-via-ledizione-2009-con-numerose-novita\/"},"modified":"2009-04-08T09:03:20","modified_gmt":"2009-04-08T07:03:20","slug":"fior-dalbenga-al-via-ledizione-2009-con-numerose-novita","status":"publish","type":"post","link":"https:\/\/staging.ivg.it\/2009\/04\/fior-dalbenga-al-via-ledizione-2009-con-numerose-novita\/","title":{"rendered":"&#8220;Fior d&#8217;Albenga&#8221;, al via l&#8217;edizione 2009 con numerose novit\u00e0"},"content":{"rendered":"<p><strong>[thumb:11588:l]Albenga<\/strong>. A partire da sabato 11 aprile, fino a domenica 26 aprile, torna la rassegna &#8220;Fior d&#8217;Albenga&#8221;. Il centro storico della citt\u00e0 ingauna regaler\u00e0 scenari inediti grazie all&#8217;impiego di 20.000 fiori in vaso, composizioni floreali a mosaico, laboratori didattici, concorsi e mostre-mercato. L&#8217;assessorato al Turismo e alle Manifestazioni metter\u00e0 in scena il paesaggio della natura ingauna attraverso il progetto di arredo urbano dello Studio di architettura Artealtra, in onore di aprile 2009, mese mondiale dell&#8217;architettura del paesaggio.<\/p>\n<p>Sar\u00e0 possibile ammirare la manifestazione seguendo il percorso visivo dell&#8217; EcoFiore. Il logo dell&#8217;Eco Fiore guider\u00e0 i visitatori lungo un percorso che da viale Pontelungo continuer\u00e0 per tutto il centro storico per poi proseguire lungo via dei Mille, viale Martiri della Libert\u00e0 e viale Italia fino al mare. Lungo il percorso sar\u00e0 possibile votare &#8220;La vetrina pi\u00f9 bella&#8221; e &#8220;il balcone pi\u00f9 fiorito del centro storico&#8221;: la citt\u00e0 sar\u00e0 quindi animata da una gioiosa competizione tra commercianti che gareggeranno per il miglior allestimento e da una sfida tra &#8220;balconieri del centro storico&#8221; che stravolgeranno la propria terrazza per sbalordire i passanti e sbaragliare la concorrenza del vicino.<\/p>\n<p>Grazie ad un apposito info point in largo Doria sar\u00e0 possibile ottenere qualsiasi informazione e procedere con la propria personale votazione dalle ore 10 alle ore 19. In questo animoso percorso sar\u00e0 possibile ammirare le piazze decorate con distese di fiori a tappeto o a mosaico: in piazza San Michele, grazie alla combinazione di lobelia, agatea e margherita  verranno riprodotte le colombe e il cielo del mosaico del Battistero; in piazza Rossi si potr\u00e0 ammirare una distesa di gazania; in piazza Trincheri una distesa di lavanda e in via E. D&#8217;Aste e Via Ricci ci saranno spalliere a cascata di solanum bianco.<\/p>\n<p>Sar\u00e0 possibile godere di una visuale dall&#8217;alto, che consentir\u00e0 di apprezzare maggiormente i mosaici in piazza San Michele, accedendo alla terrazza del palazzo comunale, che rester\u00e0 sempre aperta al pubblico ed ospiter\u00e0 gli aperitivi floreali. Nell&#8217;atrio di palazzo Peloso Cipolla si allestir\u00e0 una mostra di orchidee. In piazza IV Novembre l&#8217;Avis e la Croce Bianca di Albenga allestiranno bancarelle blu per una vendita benefica, mentre i commercianti di Albenga esporranno bancarelle floreali in tema cromatico. Sempre in piazza IV Novembre, nel weekend di Pasqua, si terr\u00e0 la mostra mercato &#8220;Rosa Mystica&#8221; e dal 14 al 26 aprile la mostra mercato &#8220;fiori in vaso della Piana&#8221;.<\/p>\n<p>Piazza San Francesco diventer\u00e0 invece la &#8220;piazza della sostenibilit\u00e0&#8221;, con l&#8217;esposizione di prodotti eco-sostenibili e la presentazione del programma di Agenda 21. Inoltre, le Associazioni Parco delle Favole e Vecchia Albenga cureranno i laboratori didattici &#8220;Fior di Mosaico&#8221; per i bimbi e per gli adulti e sabato 11 aprile allestiranno con il pubblico il mosaico dello stemma comunale in piazza Rossi, che rester\u00e0 poi per tutta la manifestazione.<\/p>\n<p>&#8220;Si tratta di una manifestazione rinnovata per necessit\u00e0 contingenti di budget e per meglio promuovere la tipicit\u00e0 della nostra piana e la produzione di qualit\u00e0 di fiori in vaso&#8221; dichiara l&#8217;assessore al Turismo Giuseppina Verrazzani. &#8220;Quest&#8217;anno i fiori si fondono con l&#8217;arte del nostro centro storico, che non \u00e8 pi\u00f9 solo cornice ma anche gioiello d&#8217;arte: il mosaico del Battistero verr\u00e0 riprodotto in piazza San Michele ed il piatto blu annunciato dalla distesa blu di piazza Trincheri. Inoltre si \u00e8 puntato  al coinvolgimento delle realt\u00e0 commerciali, delle associazioni di volontariato e dei cittadini stessi in uno sforzo di abbellimento estetico che contribuir\u00e0 alla realizzazione di questo evento che vuole far conoscere Albenga nella sua bellezza troppo nascosta e umiliata da chi non la ama&#8221;.<\/p>\n<p>&#8220;Infine &#8211; conclude Verrazzani &#8211; l&#8217;impegno a promuovere una coscienza ecososteniblie, indispensabile per qualsiasi progettualit\u00e0 rivolta al futuro e troppo sottovalutata. E Fior d&#8217;Albenga fa parte del progetto che vuole far conoscere, apprezzare e di conseguenza sviluppare questa nostra bellissima e unica citt\u00e0&#8221;.<\/p>\n","protected":false},"excerpt":{"rendered":"<p>[thumb:11588:l]Albenga. A partire da sabato 11 aprile, fino a domenica 26 aprile, torna la rassegna &#8220;Fior d&#8217;Albenga&#8221;. Il centro storico della citt\u00e0 ingauna regaler\u00e0 scenari inediti grazie all&#8217;impiego di 20.000 fiori in vaso, composizioni floreali a mosaico, laboratori didattici, concorsi e mostre-mercato. L&#8217;assessorato al Turismo e alle Manifestazioni metter\u00e0 in scena il paesaggio della natura [&hellip;]<\/p>\n","protected":false},"author":13744,"featured_media":0,"comment_status":"open","ping_status":"closed","sticky":false,"template":"","format":"standard","meta":{"footnotes":""},"categories":[56],"tags":[85841,8464,4884,861],"class_list":["post-55623","post","type-post","status-publish","format-standard","hentry","category-altre","tag-albenga","tag-fior-dalbenga","tag-fiori","tag-sostenibilita","post_cat_citta-albenga"],"amp_validity":null,"amp_enabled":true,"_links":{"self":[{"href":"https:\/\/staging.ivg.it\/ediapi\/wp\/v2\/posts\/55623","targetHints":{"allow":["GET"]}}],"collection":[{"href":"https:\/\/staging.ivg.it\/ediapi\/wp\/v2\/posts"}],"about":[{"href":"https:\/\/staging.ivg.it\/ediapi\/wp\/v2\/types\/post"}],"author":[{"embeddable":true,"href":"https:\/\/staging.ivg.it\/ediapi\/wp\/v2\/users\/13744"}],"replies":[{"embeddable":true,"href":"https:\/\/staging.ivg.it\/ediapi\/wp\/v2\/comments?post=55623"}],"version-history":[{"count":0,"href":"https:\/\/staging.ivg.it\/ediapi\/wp\/v2\/posts\/55623\/revisions"}],"wp:attachment":[{"href":"https:\/\/staging.ivg.it\/ediapi\/wp\/v2\/media?parent=55623"}],"wp:term":[{"taxonomy":"category","embeddable":true,"href":"https:\/\/staging.ivg.it\/ediapi\/wp\/v2\/categories?post=55623"},{"taxonomy":"post_tag","embeddable":true,"href":"https:\/\/staging.ivg.it\/ediapi\/wp\/v2\/tags?post=55623"}],"curies":[{"name":"wp","href":"https:\/\/api.w.org\/{rel}","templated":true}]}}