{"id":55588,"date":"2009-04-07T11:28:31","date_gmt":"2009-04-07T09:28:31","guid":{"rendered":"http:\/\/www.ivg.it\/?p=55588"},"modified":"2009-04-07T17:33:21","modified_gmt":"2009-04-07T15:33:21","slug":"mobilita-sospesa-maersk-giacobbesi-guadagnino-la-nostra-fiducia","status":"publish","type":"post","link":"https:\/\/staging.ivg.it\/2009\/04\/mobilita-sospesa-maersk-giacobbesi-guadagnino-la-nostra-fiducia\/","title":{"rendered":"Mobilit\u00e0 sospesa alla Maersk, Giacobbe: &#8220;Si guadagnino la nostra fiducia&#8221;"},"content":{"rendered":"<p><strong>[thumb:7882:l]Vado Ligure.<\/strong> &#8220;La sospensione della procedura di mobilit\u00e0 per tutti i lavoratori Maersk di Genova come richiesto sia dalla Regione che dalle organizzazioni sindacali e l&#8217;accettazione da parte dell&#8217;azienda della procedura della cassa integrazione in deroga \u00e8 un fatto positivo, e deve servire a tenere ancorati i lavoratori alla Maersk in attesa di portare avanti la trattativa a livello sindacale&#8221;. Lo ha detto il presidente della Regione Liguria, Claudio Burlando al termine dell&#8217;incontro convocato in Regione insieme all&#8217;assessore regionale al Lavoro, Enrico Vesco, ai rappresentanti di Maersk, delle organizzazioni sindacali e del sindaco di Vado ligure, Carlo Giacobbe per affrontare i problemi dei lavoratori.<\/p>\n<p>Il primo cittadino vadese, invitato dalla Regione all&#8217;incontro, ha precisato che: &#8220;Un&#8217;azienda quando si inserisce in un territorio, con una operazione come quella della piattaforma, deve guadagnarsi la fiducia di istituzioni e popolazione. E&#8217; importante, in questo contesto di crisi, che dalla sede danese arrivino concrete informazioni sulle tempistiche e una precisa quantificazione di quelle che saranno le ricadute occupazionali. Le aziende vadesi potranno in questo modo avere una prospettiva certa per i loro investimenti&#8221;.<\/p>\n<p>L&#8217;incontro doveva servire a ottenere il blocco delle procedure di mobilit\u00e0 che l&#8217;azienda aveva avviato per i dipendenti dell&#8217;ufficio di Corte Lambruschini per un totale di 34 addetti a cui si sono aggiunti ulteriori 31 lavoratori per un totale di 65 che allo stato attuale risulterebbe a rischio, oltre ai 30 che gi\u00e0 se ne sono andati, in parte ricollocati e in parte destinati agli uffici spagnoli di Algeciras, su un totale di 243 operanti a Genova.<\/p>\n<p>&#8220;L&#8217;incontro di oggi &#8211; ha spiegato il presidente della Regione Liguria, Claudio Burlando &#8211; \u00e8 dovuto anche all&#8217;ordine del giorno del consiglio regionale approvato la scorsa seduta in cui si \u00e8 chiesto di trovare una soluzione per non allontanare definitivamente dal lavoro persone che avrebbero poi difficolt\u00e0 a rientrare&#8221;. Il presidente della Regione ha proposto &#8220;l&#8217;individuazione di un percorso differente rispetto a quello della mobilit\u00e0, come la cassa integrazione in deroga in cui si utilizzano anche risorse pubbliche&#8221;.<\/p>\n<p>Burlando ha inoltre auspicato &#8220;un atteggiamento diverso, a tutela del lavoro, da parte dell&#8217;azienda, soprattutto in considerazione della prossima realizzazione della piattaforma a Vado Ligure, tenendo conto dei cospicui finanziamenti che Maersk ricever\u00e0 dal territorio&#8221;. Inoltre Burlando ha giudicato negativamente il passaggio voluto da Maersk di alcuni lavoratori dai Magazzini del Cotone a Corte Lambruschini poco prima che per gli addetti di quell&#8217;ufficio venissero avviate le procedure di mobilit\u00e0. A questo si deve aggiungere la vicenda dei lavoratori a tempo determinato che sembra non saranno pi\u00f9 riconfermati alla scadenza del contratto, i quali, secondo le organizzazioni sindacali e la Regione, devono rientrare nella discussione complessiva.<\/p>\n<p>I rappresentanti dell&#8217;azienda presenti all&#8217;incontro hanno ribadito che la situazione di crisi che si \u00e8 venuta a creare \u00e8 dovuta alle difficolt\u00e0 nel mercato dei trasporti containerizzati che ha preso il via dalla seconda met\u00e0 del 2008 e che ha portato la casa madre danese a chiedere la chiusura degli uffici di Corte Lambruschini e la messa in mobilit\u00e0 dei lavoratori.<\/p>\n","protected":false},"excerpt":{"rendered":"<p>[thumb:7882:l]Vado Ligure. &#8220;La sospensione della procedura di mobilit\u00e0 per tutti i lavoratori Maersk di Genova come richiesto sia dalla Regione che dalle organizzazioni sindacali e l&#8217;accettazione da parte dell&#8217;azienda della procedura della cassa integrazione in deroga \u00e8 un fatto positivo, e deve servire a tenere ancorati i lavoratori alla Maersk in attesa di portare avanti [&hellip;]<\/p>\n","protected":false},"author":13744,"featured_media":0,"comment_status":"open","ping_status":"closed","sticky":false,"template":"","format":"standard","meta":{"footnotes":""},"categories":[35],"tags":[1293,284,759,85979],"class_list":["post-55588","post","type-post","status-publish","format-standard","hentry","category-economia","tag-carlo-giacobbe","tag-claudio-burlando","tag-maersk","tag-vado-ligure","post_cat_citta-vado-ligure"],"amp_validity":null,"amp_enabled":true,"_links":{"self":[{"href":"https:\/\/staging.ivg.it\/ediapi\/wp\/v2\/posts\/55588","targetHints":{"allow":["GET"]}}],"collection":[{"href":"https:\/\/staging.ivg.it\/ediapi\/wp\/v2\/posts"}],"about":[{"href":"https:\/\/staging.ivg.it\/ediapi\/wp\/v2\/types\/post"}],"author":[{"embeddable":true,"href":"https:\/\/staging.ivg.it\/ediapi\/wp\/v2\/users\/13744"}],"replies":[{"embeddable":true,"href":"https:\/\/staging.ivg.it\/ediapi\/wp\/v2\/comments?post=55588"}],"version-history":[{"count":0,"href":"https:\/\/staging.ivg.it\/ediapi\/wp\/v2\/posts\/55588\/revisions"}],"wp:attachment":[{"href":"https:\/\/staging.ivg.it\/ediapi\/wp\/v2\/media?parent=55588"}],"wp:term":[{"taxonomy":"category","embeddable":true,"href":"https:\/\/staging.ivg.it\/ediapi\/wp\/v2\/categories?post=55588"},{"taxonomy":"post_tag","embeddable":true,"href":"https:\/\/staging.ivg.it\/ediapi\/wp\/v2\/tags?post=55588"}],"curies":[{"name":"wp","href":"https:\/\/api.w.org\/{rel}","templated":true}]}}