{"id":55447,"date":"2009-04-06T10:28:14","date_gmt":"2009-04-06T08:28:14","guid":{"rendered":"http:\/\/www.ivg.it\/2009\/04\/06\/loano-inaugurata-la-mostra-di-andy-warhol\/"},"modified":"2009-04-06T10:28:14","modified_gmt":"2009-04-06T08:28:14","slug":"loano-inaugurata-la-mostra-di-andy-warhol","status":"publish","type":"post","link":"https:\/\/staging.ivg.it\/2009\/04\/loano-inaugurata-la-mostra-di-andy-warhol\/","title":{"rendered":"Loano, inaugurata la mostra di Andy Warhol"},"content":{"rendered":"<p><strong>[thumb:11545:l]Loano<\/strong>. Si \u00e8 svolta sabato pomeriggio a Loano, alle ore 17,30, l&#8217;inaugurazione della mostra &#8220;Andy Warhol &#8211; Il genio della pop art&#8221;, curata da Ada Masoero e Laura Ravasi nell&#8217;ambito dell&#8217;ottava edizione di &#8220;Arte a Palazzo Doria&#8221;.<\/p>\n<p>A tagliare il nastro \u00e8 stato il prefetto di Savona, Nicoletta Frediani. Durante l&#8217;inaugurazione \u00e8 stato letto il telegramma indirizzato al sindaco di Loano dal Presidente della Repubblica Giorgio Napolitano: &#8220;In occasione dell&#8217;inaugurazione della mostra Andy Warhol, il genio della pop art, ospitata presso il cinquecentesco Palazzo Doria, il Presidente della Repubblica \u00e8 lieto di far giungere alla Civica amministrazione di Loano, ai promotori e ai curatori espressioni di vivo apprezzamento per le finalit\u00e0 culturali dell&#8217;iniziativa. Nel ripercorrere l&#8217;itinerario creativo di uno fra i pi\u00f9 originali artisti del Novecento, la rassegna sar\u00e0 anche occasione per valorizzare le risorse della citt\u00e0 e i suoi luoghi di maggiore interesse storico. Il Capo dello Stato formula l&#8217;augurio per il successo della manifestazione e invia a lei, signor Sindaco, e a quanti hanno collaborato alla realizzazione, il suo cordiale saluto.&#8221;<\/p>\n<p>[image:11546:c]<\/p>\n<p>[image:11545:c]<\/p>\n<p>[image:11544:c]<\/p>\n","protected":false},"excerpt":{"rendered":"<p>[thumb:11545:l]Loano. Si \u00e8 svolta sabato pomeriggio a Loano, alle ore 17,30, l&#8217;inaugurazione della mostra &#8220;Andy Warhol &#8211; Il genio della pop art&#8221;, curata da Ada Masoero e Laura Ravasi nell&#8217;ambito dell&#8217;ottava edizione di &#8220;Arte a Palazzo Doria&#8221;. A tagliare il nastro \u00e8 stato il prefetto di Savona, Nicoletta Frediani. Durante l&#8217;inaugurazione \u00e8 stato letto il [&hellip;]<\/p>\n","protected":false},"author":13744,"featured_media":0,"comment_status":"open","ping_status":"closed","sticky":false,"template":"","format":"standard","meta":{"footnotes":""},"categories":[56],"tags":[8151,6561,85827,389,5297],"class_list":["post-55447","post","type-post","status-publish","format-standard","hentry","category-altre","tag-andy-warhol","tag-giorgio-napolitano","tag-loano","tag-mostre-darte","tag-nicoletta-frediani","post_cat_citta-loano"],"amp_validity":null,"amp_enabled":true,"_links":{"self":[{"href":"https:\/\/staging.ivg.it\/ediapi\/wp\/v2\/posts\/55447","targetHints":{"allow":["GET"]}}],"collection":[{"href":"https:\/\/staging.ivg.it\/ediapi\/wp\/v2\/posts"}],"about":[{"href":"https:\/\/staging.ivg.it\/ediapi\/wp\/v2\/types\/post"}],"author":[{"embeddable":true,"href":"https:\/\/staging.ivg.it\/ediapi\/wp\/v2\/users\/13744"}],"replies":[{"embeddable":true,"href":"https:\/\/staging.ivg.it\/ediapi\/wp\/v2\/comments?post=55447"}],"version-history":[{"count":0,"href":"https:\/\/staging.ivg.it\/ediapi\/wp\/v2\/posts\/55447\/revisions"}],"wp:attachment":[{"href":"https:\/\/staging.ivg.it\/ediapi\/wp\/v2\/media?parent=55447"}],"wp:term":[{"taxonomy":"category","embeddable":true,"href":"https:\/\/staging.ivg.it\/ediapi\/wp\/v2\/categories?post=55447"},{"taxonomy":"post_tag","embeddable":true,"href":"https:\/\/staging.ivg.it\/ediapi\/wp\/v2\/tags?post=55447"}],"curies":[{"name":"wp","href":"https:\/\/api.w.org\/{rel}","templated":true}]}}