{"id":55388,"date":"2009-04-06T07:50:07","date_gmt":"2009-04-06T05:50:07","guid":{"rendered":"http:\/\/www.ivg.it\/?p=55388"},"modified":"2009-04-06T18:36:45","modified_gmt":"2009-04-06T16:36:45","slug":"frana-a-capo-noli-domani-sopralluogo-di-burlando","status":"publish","type":"post","link":"https:\/\/staging.ivg.it\/2009\/04\/frana-a-capo-noli-domani-sopralluogo-di-burlando\/","title":{"rendered":"Frana a Capo Noli: domani sopralluogo di Burlando"},"content":{"rendered":"<p><strong>[thumb:11327:l]Noli<\/strong>. Mentre proseguono i lavori per la messa in sicurezza della parete interessata dai distacchi di roccia lungo l&#8217;Aurelia interrotta, la strada litoranea potrebbe diventare territorio di conquista da parte di ciclisti ed escursionisti interessati alla cornice naturalistica tra Malpasso e Capo Noli. La Provincia dovrebbe infatti autorizzare passeggiate turische e manifestazioni che saranno organizzate dal Comune di Finale Ligure e dalle associazioni di Varigotti e del rione Pia per far meglio apprezzare il tratto costiero.<\/p>\n<p>La riapertura dell&#8217;Aurelia, a senso unico alternato, ma con divieto per i mezzi pesanti tranne i bus, \u00e8 prevista per giugno. Domani, marted\u00ec 7 giugno, a Capo Noli \u00e8 previsto l&#8217;arrivo del presidente della Regione, Claudio Burlando, per un sopralluogo che potrebbe essere cruciale soprattutto per il via libera al transito gratuito autostradale fra i caselli di Finale e Spotorno, in entrambe le direzioni, necessario (come nel caso dell&#8217;evento franoso dello scorso anno) per sollevare i pendolari dal gravame del pedaggio. La speranza \u00e8 che si tratti di un provvedimento che arrivi in tempo anche per favore il turismo di Pasqua.<\/p>\n","protected":false},"excerpt":{"rendered":"<p>[thumb:11327:l]Noli. Mentre proseguono i lavori per la messa in sicurezza della parete interessata dai distacchi di roccia lungo l&#8217;Aurelia interrotta, la strada litoranea potrebbe diventare territorio di conquista da parte di ciclisti ed escursionisti interessati alla cornice naturalistica tra Malpasso e Capo Noli. La Provincia dovrebbe infatti autorizzare passeggiate turische e manifestazioni che saranno organizzate [&hellip;]<\/p>\n","protected":false},"author":5,"featured_media":0,"comment_status":"open","ping_status":"closed","sticky":false,"template":"","format":"standard","meta":{"footnotes":""},"categories":[34],"tags":[789,590,8351,3644,85844,2838,8350],"class_list":["post-55388","post","type-post","status-publish","format-standard","hentry","category-cronaca","tag-a10","tag-autostrada","tag-caludio-burlando","tag-capo-noli","tag-finale-ligure","tag-frana","tag-pedaggio","post_cat_citta-finale-ligure","post_cat_citta-noli"],"amp_validity":null,"amp_enabled":true,"_links":{"self":[{"href":"https:\/\/staging.ivg.it\/ediapi\/wp\/v2\/posts\/55388","targetHints":{"allow":["GET"]}}],"collection":[{"href":"https:\/\/staging.ivg.it\/ediapi\/wp\/v2\/posts"}],"about":[{"href":"https:\/\/staging.ivg.it\/ediapi\/wp\/v2\/types\/post"}],"author":[{"embeddable":true,"href":"https:\/\/staging.ivg.it\/ediapi\/wp\/v2\/users\/5"}],"replies":[{"embeddable":true,"href":"https:\/\/staging.ivg.it\/ediapi\/wp\/v2\/comments?post=55388"}],"version-history":[{"count":0,"href":"https:\/\/staging.ivg.it\/ediapi\/wp\/v2\/posts\/55388\/revisions"}],"wp:attachment":[{"href":"https:\/\/staging.ivg.it\/ediapi\/wp\/v2\/media?parent=55388"}],"wp:term":[{"taxonomy":"category","embeddable":true,"href":"https:\/\/staging.ivg.it\/ediapi\/wp\/v2\/categories?post=55388"},{"taxonomy":"post_tag","embeddable":true,"href":"https:\/\/staging.ivg.it\/ediapi\/wp\/v2\/tags?post=55388"}],"curies":[{"name":"wp","href":"https:\/\/api.w.org\/{rel}","templated":true}]}}