{"id":55062,"date":"2009-04-02T12:49:59","date_gmt":"2009-04-02T10:49:59","guid":{"rendered":"http:\/\/www.ivg.it\/2009\/04\/02\/voto-utile-bronda-lega-nord-ha-ragione-vaccarezza\/"},"modified":"2009-04-02T18:54:09","modified_gmt":"2009-04-02T16:54:09","slug":"voto-utile-bronda-lega-nord-ha-ragione-vaccarezza","status":"publish","type":"post","link":"https:\/\/staging.ivg.it\/2009\/04\/voto-utile-bronda-lega-nord-ha-ragione-vaccarezza\/","title":{"rendered":"Voto utile, Bronda (Lega Nord): &#8220;Ha ragione Vaccarezza&#8221;"},"content":{"rendered":"<p><strong>[thumb:11407:l]Savona.<\/strong> &#8220;Come Lega Nord siamo perfettamente d&#8217;accordo con Vaccarezza, basta vedere le tante, troppe liste e candidati che si presentano alle elezioni. Questo quadro politico non fa nient&#8217;altro che confondere le idee agli elettori e strappare consensi che non servono, senza contare che in caso di ballottaggio i partitini e le &#8216;listine&#8217; vorranno avere un potere di contrattazione nell&#8217;amministrazione provinciale e nella possibile creazione di una maggioranza in consiglio. Quindi \u00e8 giusto votare fin dal primo turno o a destra o a sinistra&#8230;&#8221;. E&#8217; quanto afferma il segretario provinciale della Lega Nord Andrea Bronda sull&#8217;appello al voto utile lanciato dal candidato del PdL Angelo Vaccarezza, che ha sollevato reazioni e polemiche tra i partiti e le coalizioni in corsa per le prossime elezioni amministrative.<\/p>\n<p>&#8220;Sono sicuro &#8211; prosegue Bronda &#8211; che la vera risposta arriver\u00e0 dall&#8217;elettorato savonese, come \u00e8 avvenuto alle ultime elezioni politiche, cercando di indicare fin dal primo turno chi ha le potenzialit\u00e0 di governare la Provincia. Saranno i savonesi stessi, quindi, a determinare anche in Provincia una semplificazione dell&#8217;assetto politico&#8221;.<\/p>\n","protected":false},"excerpt":{"rendered":"<p>[thumb:11407:l]Savona. &#8220;Come Lega Nord siamo perfettamente d&#8217;accordo con Vaccarezza, basta vedere le tante, troppe liste e candidati che si presentano alle elezioni. Questo quadro politico non fa nient&#8217;altro che confondere le idee agli elettori e strappare consensi che non servono, senza contare che in caso di ballottaggio i partitini e le &#8216;listine&#8217; vorranno avere un [&hellip;]<\/p>\n","protected":false},"author":4,"featured_media":0,"comment_status":"open","ping_status":"closed","sticky":false,"template":"","format":"standard","meta":{"footnotes":""},"categories":[31],"tags":[1715,4201,2317,218,630,1079,197,216,85850,278],"class_list":["post-55062","post","type-post","status-publish","format-standard","hentry","category-politica","tag-amministrative","tag-andrea-bronda","tag-angelo-vaccarezza","tag-elezioni","tag-lega-nord","tag-maggioranza","tag-pd","tag-pdl","tag-savona","tag-savonesi","post_cat_citta-andora","post_cat_citta-savona"],"amp_validity":null,"amp_enabled":true,"_links":{"self":[{"href":"https:\/\/staging.ivg.it\/ediapi\/wp\/v2\/posts\/55062","targetHints":{"allow":["GET"]}}],"collection":[{"href":"https:\/\/staging.ivg.it\/ediapi\/wp\/v2\/posts"}],"about":[{"href":"https:\/\/staging.ivg.it\/ediapi\/wp\/v2\/types\/post"}],"author":[{"embeddable":true,"href":"https:\/\/staging.ivg.it\/ediapi\/wp\/v2\/users\/4"}],"replies":[{"embeddable":true,"href":"https:\/\/staging.ivg.it\/ediapi\/wp\/v2\/comments?post=55062"}],"version-history":[{"count":0,"href":"https:\/\/staging.ivg.it\/ediapi\/wp\/v2\/posts\/55062\/revisions"}],"wp:attachment":[{"href":"https:\/\/staging.ivg.it\/ediapi\/wp\/v2\/media?parent=55062"}],"wp:term":[{"taxonomy":"category","embeddable":true,"href":"https:\/\/staging.ivg.it\/ediapi\/wp\/v2\/categories?post=55062"},{"taxonomy":"post_tag","embeddable":true,"href":"https:\/\/staging.ivg.it\/ediapi\/wp\/v2\/tags?post=55062"}],"curies":[{"name":"wp","href":"https:\/\/api.w.org\/{rel}","templated":true}]}}