{"id":54891,"date":"2009-04-01T10:30:53","date_gmt":"2009-04-01T08:30:53","guid":{"rendered":"http:\/\/www.ivg.it\/2009\/04\/01\/albenga-concorso-letterario-%e2%80%9cc%e2%80%99era-una-svolta%e2%80%9d-sabato-la-premiazione\/"},"modified":"2009-04-01T10:30:53","modified_gmt":"2009-04-01T08:30:53","slug":"albenga-concorso-letterario-%e2%80%9cc%e2%80%99era-una-svolta%e2%80%9d-sabato-la-premiazione","status":"publish","type":"post","link":"https:\/\/staging.ivg.it\/2009\/04\/albenga-concorso-letterario-%e2%80%9cc%e2%80%99era-una-svolta%e2%80%9d-sabato-la-premiazione\/","title":{"rendered":"Albenga, concorso letterario &#8220;C&#8217;era una svolta&#8221;: sabato la premiazione"},"content":{"rendered":"<p><strong>[thumb:11365:l]Albenga<\/strong>. E&#8217; prossima alla conclusione la 12\u00b0 edizione del concorso letterario nazionale &#8220;C&#8217;era una svolta&#8221;, promosso dal Liceo Giordano Bruno di Albenga con la collaborazione del Comune e di Palazzo Oddo e con il patrocinio della Provincia di Savona.<\/p>\n<p>Venerd\u00ec 3 aprile alle ore 21, nell&#8217;auditorium San Carlo di via Roma ad Albenga, lo scrittore Andrea Bajani incontrer\u00e0 gli studenti e la citt\u00e0. Sar\u00e0 un&#8217;occasione per affrontare argomenti scottanti quali il disagio dei giovani di fronte alla scuola intesa come &#8220;istituzione&#8221; e problematiche come bullismo e vandalismo. Seguir\u00e0 musica dal vivo a cura di alunni del Liceo.<\/p>\n<p>Sabato 4 aprile alle ore 11, sempre nell&#8217;Auditorium San Carlo, si terr\u00e0 la cerimonia di premiazione dei vincitori alla presenza dell&#8217;autore. Saranno presenti i 50 finalisti provenienti da 19 scuole. Sono attesi, accompagnati dai loro docenti, studenti provenienti dalla Sicilia, dalla Puglia, dal Lazio e dalla Basilicata, oltre che dalla Liguria, dal Piemonte e dalla Lombardia. Complessivamente hanno partecipato al concorso circa 540 studenti provenienti da 28 scuole superiori di 20 diverse province italiane.<\/p>\n<p>Il concorso consiste in una prova di &#8220;eccellenza&#8221; proposta agli studenti di tutte le scuole italiane che aderiscono: ogni anno uno scrittore di chiara fama nazionale (negli anni si sono avvicendati autori come Nico Orengo, Lorenzo Mondo, Ernesto Ferrero, Ernesto Franco, Andrea De Carlo, Sebastiano Vassalli, Margherita Oggero, Enrico Remmert, Giuseppe Conte, Bruno Morchio, Gianrico Carofiglio) offre un incipit che gli alunni partecipanti, nei giorni ed ore stabilite, portano a termine secondo la loro sensibilit\u00e0 e libert\u00e0 creativa. Le singole scuole inviano le opere in buste chiuse anonime al Liceo Bruno. Un&#8217;apposita giuria seleziona i racconti e gli elaborati giudicati migliori vengono inviati allo scrittore, il quale decide la graduatoria dei vincitori.<\/p>\n<p>Lo scrittore scelto per questa 12\u00b0 edizione \u00e8 Andrea Bajani che, nonostante la giovane et\u00e0 (\u00e8 nato a Roma nel 1975), \u00e8 autore di numerosi libri dedicati al mondo della scuola. Bajani collabora con i quotidiani La Stampa e L&#8217;Unit\u00e0. Responsabile e referente del concorso \u00e8 Alessandra Desalvo. Il Comitato scientifico e la giuria sono costituiti da un gruppo scelto di docenti, ex docenti (in particolare Nino Podest\u00e0, ideatore del concorso) ed ex alunni del Liceo, presieduti dal docente universitario Alberto Beniscelli.<\/p>\n<p>Gli alunni e i docenti che provengono dalle scuole pi\u00f9 lontane sono ospitati ad Albenga per il weekend grazie alla disponibilit\u00e0 di alcune famiglie di alunni della scuola e di alcune strutture alberghiere della citt\u00e0, e potranno visitare Albenga, il centro storico, i musei, con la guida e l&#8217;accompagnamento degli studenti del Liceo.<\/p>\n","protected":false},"excerpt":{"rendered":"<p>[thumb:11365:l]Albenga. E&#8217; prossima alla conclusione la 12\u00b0 edizione del concorso letterario nazionale &#8220;C&#8217;era una svolta&#8221;, promosso dal Liceo Giordano Bruno di Albenga con la collaborazione del Comune e di Palazzo Oddo e con il patrocinio della Provincia di Savona. Venerd\u00ec 3 aprile alle ore 21, nell&#8217;auditorium San Carlo di via Roma ad Albenga, lo scrittore [&hellip;]<\/p>\n","protected":false},"author":13744,"featured_media":0,"comment_status":"open","ping_status":"closed","sticky":false,"template":"","format":"standard","meta":{"footnotes":""},"categories":[],"tags":[85841,86131,1275,1005],"class_list":["post-54891","post","type-post","status-publish","format-standard","hentry","tag-albenga","tag-auditorium-san-carlo","tag-premiazione","tag-scrittori","post_cat_citta-albenga"],"amp_validity":null,"amp_enabled":true,"_links":{"self":[{"href":"https:\/\/staging.ivg.it\/ediapi\/wp\/v2\/posts\/54891","targetHints":{"allow":["GET"]}}],"collection":[{"href":"https:\/\/staging.ivg.it\/ediapi\/wp\/v2\/posts"}],"about":[{"href":"https:\/\/staging.ivg.it\/ediapi\/wp\/v2\/types\/post"}],"author":[{"embeddable":true,"href":"https:\/\/staging.ivg.it\/ediapi\/wp\/v2\/users\/13744"}],"replies":[{"embeddable":true,"href":"https:\/\/staging.ivg.it\/ediapi\/wp\/v2\/comments?post=54891"}],"version-history":[{"count":0,"href":"https:\/\/staging.ivg.it\/ediapi\/wp\/v2\/posts\/54891\/revisions"}],"wp:attachment":[{"href":"https:\/\/staging.ivg.it\/ediapi\/wp\/v2\/media?parent=54891"}],"wp:term":[{"taxonomy":"category","embeddable":true,"href":"https:\/\/staging.ivg.it\/ediapi\/wp\/v2\/categories?post=54891"},{"taxonomy":"post_tag","embeddable":true,"href":"https:\/\/staging.ivg.it\/ediapi\/wp\/v2\/tags?post=54891"}],"curies":[{"name":"wp","href":"https:\/\/api.w.org\/{rel}","templated":true}]}}