{"id":54890,"date":"2009-04-01T10:28:34","date_gmt":"2009-04-01T08:28:34","guid":{"rendered":"http:\/\/www.ivg.it\/2009\/04\/01\/savona-lenpa-contro-la-deroga-alla-pesca-dei-bianchetti\/"},"modified":"2009-04-01T10:28:34","modified_gmt":"2009-04-01T08:28:34","slug":"savona-lenpa-contro-la-deroga-alla-pesca-dei-bianchetti","status":"publish","type":"post","link":"https:\/\/staging.ivg.it\/2009\/04\/savona-lenpa-contro-la-deroga-alla-pesca-dei-bianchetti\/","title":{"rendered":"Savona, l&#8217;Enpa contro la deroga alla pesca dei bianchetti"},"content":{"rendered":"<p><strong>[thumb:5426:l]Savona<\/strong>. E&#8217; arrivata la consueta &#8220;deroga eccezionale&#8221; alla pesca del bianchetto per altri 15 giorni. Sollecitata dalla Regione Liguria, \u00e8 stata motivata dalla scarsa pesca dovuta a presunte avverse condizioni meteorologiche, che la Protezione Animali savonese contesta, ricordando che le pescherie liguri, nei mesi di &#8220;normale&#8221; apertura di febbraio e marzo, hanno offerto grandi quantit\u00e0 di bianchetti liguri.<\/p>\n<p>L&#8217;Enpa aveva esortato il Ministero a non concedere deroghe ad una stagione gi\u00e0 troppo lunga e dannosa, visto che anche recentemente la FAO ha dichiarato che una specie marina su tre \u00e8 in via di estinzione; ma \u00e8 stata accontentata a met\u00e0: la deroga \u00e8 stata di 15 giorni invece del mese consueto.<\/p>\n","protected":false},"excerpt":{"rendered":"<p>[thumb:5426:l]Savona. E&#8217; arrivata la consueta &#8220;deroga eccezionale&#8221; alla pesca del bianchetto per altri 15 giorni. Sollecitata dalla Regione Liguria, \u00e8 stata motivata dalla scarsa pesca dovuta a presunte avverse condizioni meteorologiche, che la Protezione Animali savonese contesta, ricordando che le pescherie liguri, nei mesi di &#8220;normale&#8221; apertura di febbraio e marzo, hanno offerto grandi quantit\u00e0 [&hellip;]<\/p>\n","protected":false},"author":13744,"featured_media":0,"comment_status":"open","ping_status":"closed","sticky":false,"template":"","format":"standard","meta":{"footnotes":""},"categories":[],"tags":[5758,436,510,85850],"class_list":["post-54890","post","type-post","status-publish","format-standard","hentry","tag-bianchetti","tag-enpa","tag-pesca","tag-savona","post_cat_citta-andora","post_cat_citta-savona"],"amp_validity":null,"amp_enabled":true,"_links":{"self":[{"href":"https:\/\/staging.ivg.it\/ediapi\/wp\/v2\/posts\/54890","targetHints":{"allow":["GET"]}}],"collection":[{"href":"https:\/\/staging.ivg.it\/ediapi\/wp\/v2\/posts"}],"about":[{"href":"https:\/\/staging.ivg.it\/ediapi\/wp\/v2\/types\/post"}],"author":[{"embeddable":true,"href":"https:\/\/staging.ivg.it\/ediapi\/wp\/v2\/users\/13744"}],"replies":[{"embeddable":true,"href":"https:\/\/staging.ivg.it\/ediapi\/wp\/v2\/comments?post=54890"}],"version-history":[{"count":0,"href":"https:\/\/staging.ivg.it\/ediapi\/wp\/v2\/posts\/54890\/revisions"}],"wp:attachment":[{"href":"https:\/\/staging.ivg.it\/ediapi\/wp\/v2\/media?parent=54890"}],"wp:term":[{"taxonomy":"category","embeddable":true,"href":"https:\/\/staging.ivg.it\/ediapi\/wp\/v2\/categories?post=54890"},{"taxonomy":"post_tag","embeddable":true,"href":"https:\/\/staging.ivg.it\/ediapi\/wp\/v2\/tags?post=54890"}],"curies":[{"name":"wp","href":"https:\/\/api.w.org\/{rel}","templated":true}]}}