{"id":54808,"date":"2009-03-31T16:05:42","date_gmt":"2009-03-31T14:05:42","guid":{"rendered":"http:\/\/www.ivg.it\/2009\/03\/31\/consiglio-regionale-cassini-forestali-in-liguria-almeno-per-tre-anni\/"},"modified":"2009-03-31T16:05:42","modified_gmt":"2009-03-31T14:05:42","slug":"consiglio-regionale-cassini-forestali-in-liguria-almeno-per-tre-anni","status":"publish","type":"post","link":"https:\/\/staging.ivg.it\/2009\/03\/consiglio-regionale-cassini-forestali-in-liguria-almeno-per-tre-anni\/","title":{"rendered":"Consiglio regionale, Cassini: &#8220;Forestali in Liguria almeno per tre anni&#8221;"},"content":{"rendered":"<p>[thumb:3419:l]<strong>Regione.<\/strong> &#8220;Dal 2007 abbiamo lavorato per costruire la nuova convenzione tra la Regione e il Corpo Forestale dello Stato, poich\u00e9 la Liguria \u00e8 l&#8217;unica regione italiana a non avere un proprio corpo, ma lavora in convenzione e i rapporti sono improntati alla massima collaborazione&#8221;. Lo ha detto l&#8217;assessore all&#8217;agricoltura Giancarlo Cassini rispondendo a un&#8217;interpellanza con la quale Gianni Plinio (Alleanza Nazionale) ha chiesto alla Giunta di sostenere il Corpo Forestale dello Stato.<\/p>\n<p>&#8220;Nel 2006 &#8211; ha aggiunto Cassini &#8211; la Regione ha aumentato le somme per i buoni carburante: spendiamo 130 mila euro all&#8217;anno. Il numero di incendi e le superfici percorse dal fuoco sono diminuite negli ultimi anni, secondo un trend ormai consolidato. Gli agenti in Liguria sono 280, ma abbiamo chiesto al ministro di aumentarli. Ho chiesto anche di fare dei concorsi regionali oppure che sia introdotta una norma per cui chi viene a lavorare in Liguria ci resti per almeno tre anni&#8221;.<\/p>\n<p>Nella sua interpellanza Gianni Plinio ha denunciato nuovamente la riduzione dei servizi del Corpo a causa della mancanza di fondi governativi e regionali per l&#8217;acquisto di carburante per i propri automezzi. Con l&#8217;approssimarsi dell&#8217;estate il Corpo forestale dello Stato deve essere messo nelle migliori condizioni per fronteggiare l&#8217;emergenza incendi e le operazioni di soccorso alle persone. Sono passati pi\u00f9 di due anni dalla nostra prima denuncia, sollecitiamo l&#8217;assessore a sostenere con il massimo della capacit\u00e0 di intervento un corpo che \u00e8 tra i pi\u00f9 importanti. Ci dev&#8217;essere un impegno comune &#8211; ha concluso Plinio &#8211; al di l\u00e0 degli schieramenti, per garantire la presenza delle guardie in Liguria&#8221;.<\/p>\n","protected":false},"excerpt":{"rendered":"<p>[thumb:3419:l]Regione. &#8220;Dal 2007 abbiamo lavorato per costruire la nuova convenzione tra la Regione e il Corpo Forestale dello Stato, poich\u00e9 la Liguria \u00e8 l&#8217;unica regione italiana a non avere un proprio corpo, ma lavora in convenzione e i rapporti sono improntati alla massima collaborazione&#8221;. Lo ha detto l&#8217;assessore all&#8217;agricoltura Giancarlo Cassini rispondendo a un&#8217;interpellanza con [&hellip;]<\/p>\n","protected":false},"author":13744,"featured_media":0,"comment_status":"open","ping_status":"closed","sticky":false,"template":"","format":"standard","meta":{"footnotes":""},"categories":[31],"tags":[560,1752,1951,6993,287,3455,4277,3454,2340],"class_list":["post-54808","post","type-post","status-publish","format-standard","hentry","category-politica","tag-agricoltura","tag-consiglio-regionale","tag-corpo-forestale","tag-corpo-forestale-dello-stato","tag-giancarlo-cassini","tag-gianni-plinio","tag-incendi","tag-interpellanza","tag-plinio","post_cat_citta-andora"],"amp_validity":null,"amp_enabled":true,"_links":{"self":[{"href":"https:\/\/staging.ivg.it\/ediapi\/wp\/v2\/posts\/54808","targetHints":{"allow":["GET"]}}],"collection":[{"href":"https:\/\/staging.ivg.it\/ediapi\/wp\/v2\/posts"}],"about":[{"href":"https:\/\/staging.ivg.it\/ediapi\/wp\/v2\/types\/post"}],"author":[{"embeddable":true,"href":"https:\/\/staging.ivg.it\/ediapi\/wp\/v2\/users\/13744"}],"replies":[{"embeddable":true,"href":"https:\/\/staging.ivg.it\/ediapi\/wp\/v2\/comments?post=54808"}],"version-history":[{"count":0,"href":"https:\/\/staging.ivg.it\/ediapi\/wp\/v2\/posts\/54808\/revisions"}],"wp:attachment":[{"href":"https:\/\/staging.ivg.it\/ediapi\/wp\/v2\/media?parent=54808"}],"wp:term":[{"taxonomy":"category","embeddable":true,"href":"https:\/\/staging.ivg.it\/ediapi\/wp\/v2\/categories?post=54808"},{"taxonomy":"post_tag","embeddable":true,"href":"https:\/\/staging.ivg.it\/ediapi\/wp\/v2\/tags?post=54808"}],"curies":[{"name":"wp","href":"https:\/\/api.w.org\/{rel}","templated":true}]}}