{"id":545720,"date":"2021-10-17T08:54:25","date_gmt":"2021-10-17T06:54:25","guid":{"rendered":"https:\/\/www.ivg.it\/?p=545720"},"modified":"2021-10-17T08:54:25","modified_gmt":"2021-10-17T06:54:25","slug":"il-regista-savonese-francesco-saia-alla-festa-del-cinema-di-roma","status":"publish","type":"post","link":"https:\/\/staging.ivg.it\/2021\/10\/il-regista-savonese-francesco-saia-alla-festa-del-cinema-di-roma\/","title":{"rendered":"Il regista savonese Francesco Saia alla \u201cFesta del cinema\u201d di Roma"},"content":{"rendered":"<p><strong>Savona<\/strong>. Il regista savonese Francesco Saia \u00e8 stato uno degli ospiti e degli intervistati della \u201cFesta del cinema\u201d di Roma.<\/p>\n<p>Dopo i recenti successi, il giovane cineasta savonese \u00e8 stato \u201cconvocato\u201d all&#8217;ultimo minuto tra i tanti nomi ospiti del festival. Il giovane regista savonese \u00e8 stato ospite alle ore 17.30 nel programma documentaristico del festival, &#8220;Pillole di documentari a episodi &#8211; I crimini sociali&#8221; della cineasta Veronica Succi, nello stand Efesto Film, apposita sezione di interviste dedicate al cinema sociale.<\/p>\n<p>Dati i numerosi film realizzati in ambito sociale, il regista savonese Francisco Saia \u00e8 stato scelto tra gli intervistati per la sezione del festival dedicata ai fenomeni problematici sociali nel cinema.<\/p>\n<p>Nell&#8217;intervista Saia, ha dichiarato: &#8220;Credo che il cinema sia il miglior mezzo per poter rappresentare i problemi della societ\u00e0, la primaria funzione della settima arte \u00e8 quella di essere culturale e soprattutto sociale. Purtroppo il nostro mondo \u00e8 sempre pi\u00f9 caratterizzato da brutti fenomeni come il razzismo, il bullismo, la violenza e la pedofilia. Tutti questi fenomeni devono essere sconfitti, e il cinema \u00e8 un buon mezzo che pu\u00f2 riuscire a sconfiggerli. Intervistandomi, mi avete chiesto un esempio di film significativo in riferimento a questi fenomeni, ritengo che uno dei film pi\u00f9 significativi sia Sleepers di Berry Levinson&#8221;.<\/p>\n<p>&#8220;E&#8217; un grande onore per me, presenziare in questi giorni alla Festa del cinema di Roma, uno dei pi\u00f9 importanti festival cinematografici a livello mondiale, ma soprattutto \u00e8 una soddisfazione indescrivibile, trovarmi al fianco di grandi attori e cineasti come Tim Burton, Tarantino e Johnny Depp&#8221;.<\/p>\n","protected":false},"excerpt":{"rendered":"<p>E&#8217; stato ospite nel programma documentaristico del festival, &#8220;Pillole di documentari a episodi &#8211; I crimini sociali&#8221;<\/p>\n","protected":false},"author":12120,"featured_media":0,"comment_status":"open","ping_status":"closed","sticky":false,"template":"","format":"standard","meta":{"footnotes":""},"categories":[45296,118671],"tags":[120938],"class_list":["post-545720","post","type-post","status-publish","format-standard","hentry","category-copertina","category-cultura","tag-festa-del-cinema-roma","post_tag_personaggi-francesco-saia"],"amp_validity":null,"amp_enabled":true,"_links":{"self":[{"href":"https:\/\/staging.ivg.it\/ediapi\/wp\/v2\/posts\/545720","targetHints":{"allow":["GET"]}}],"collection":[{"href":"https:\/\/staging.ivg.it\/ediapi\/wp\/v2\/posts"}],"about":[{"href":"https:\/\/staging.ivg.it\/ediapi\/wp\/v2\/types\/post"}],"author":[{"embeddable":true,"href":"https:\/\/staging.ivg.it\/ediapi\/wp\/v2\/users\/12120"}],"replies":[{"embeddable":true,"href":"https:\/\/staging.ivg.it\/ediapi\/wp\/v2\/comments?post=545720"}],"version-history":[{"count":0,"href":"https:\/\/staging.ivg.it\/ediapi\/wp\/v2\/posts\/545720\/revisions"}],"wp:attachment":[{"href":"https:\/\/staging.ivg.it\/ediapi\/wp\/v2\/media?parent=545720"}],"wp:term":[{"taxonomy":"category","embeddable":true,"href":"https:\/\/staging.ivg.it\/ediapi\/wp\/v2\/categories?post=545720"},{"taxonomy":"post_tag","embeddable":true,"href":"https:\/\/staging.ivg.it\/ediapi\/wp\/v2\/tags?post=545720"}],"curies":[{"name":"wp","href":"https:\/\/api.w.org\/{rel}","templated":true}]}}