{"id":545572,"date":"2021-10-15T14:25:41","date_gmt":"2021-10-15T12:25:41","guid":{"rendered":"https:\/\/www.ivg.it\/?p=545572"},"modified":"2021-10-15T14:33:13","modified_gmt":"2021-10-15T12:33:13","slug":"tour-music-fest-la-savonese-giulia-chiovelli-e-tra-gli-11-baby-singer-in-finale","status":"publish","type":"post","link":"https:\/\/staging.ivg.it\/2021\/10\/tour-music-fest-la-savonese-giulia-chiovelli-e-tra-gli-11-baby-singer-in-finale\/","title":{"rendered":"Tour Music Fest, la savonese Giulia Chiovelli \u00e8 tra gli 11 &#8220;Baby Singer&#8221; in finale"},"content":{"rendered":"<p><strong>Savona.<\/strong> E&#8217; savonese una degli <strong>11 finalisti<\/strong>, nella categoria &#8220;Baby Singer&#8221;, del <b>Tour Music Fest<\/b>. Ad aggiudicarsi questo ambito traguardo (a partecipare sono stati quasi 1000 artisti) \u00e8 <b>Giulia Chiovelli\u00a0<\/b>che, a soli 9 anni, <strong>rappresenter\u00e0 Savona al pi\u00f9 grande concorso musicale europeo<\/strong> dedicato a cantanti, band, rapper, dj e musicisti emergenti.<\/p>\n<p>&#8220;Si tratta, &#8211; spiegano gli organizzatori, &#8211; del primo festival a livello mondiale con una nuova concezione di concorso: una manifestazione che punta alla crescita artistica creando un&#8217;esperienza musicale straordinaria per ogni singolo artista o band che prenda parte al concorso, offrendo formazione, consulenze, orientamento professionale, motivazione e massimo rispetto per chi mette in gioco il proprio talento&#8221;.<\/p>\n<p>Una competizione che in questi anni ha visto sul palco artisti del calibro di <b>Mahmood, Federica Carta<\/b> o <b>Loredana Errore<\/b>.<\/p>\n<p>Dopo le Live Audition, con un viaggio al centro della musica emergente da Nord a Sud del Paese, isole comprese, ieri (14 ottobre) sono stati annunciati, in diretta streaming, i nomi dei finalisti. E tra loro come detto ci sar\u00e0 anche la savonese Giulia, <strong>9 anni<\/strong>, che <strong>si \u00e8 qualificata con il brano &#8220;Voglio diventar presto un re&#8221;<\/strong> da &#8220;Il Re Leone&#8221;.<\/p>\n<p>Allieva dei <b>Nati da un Sogno<\/b> di Savona (la loro scuola \u00e8 considerata ormai nell&#8217;ambiente del musical un&#8217;eccellenza a livello nazionale), in questi anni Giulia si \u00e8 gi\u00e0 aggiudicata ambiti riconoscimenti nel settore. Gli ultimi sono arrivati questa estate in Sicilia, alla finale della <b>Coppa Italia Performer<\/b>, dove Giulia ha <b>vinto il titolo italiano<\/b> in categoria B (per i bambini dai 6 agli 11 anni) sia per la categoria Canto che per quella dei Performer completi.<\/p>\n<p>&#8220;Sin dall&#8217;et\u00e0 di 2 anni ha sempre voluto trascorrere il suo tempo libero in sala prove, &#8211; racconta la mamma di Giulia,\u00a0<b>Roberta Bonino<\/b>, che \u00e8 anche la sua insegnante di musical. &#8211; Restava l\u00ec ore a osservare le ragazze pi\u00f9 grandi e a imitarle. Anche a casa trascorre ore a cantare o a interpretare personaggi di musical. Insomma, <b>\u00e8 sempre stato il suo sogno<\/b>. Ma queste competizioni per lei sono ancora un gioco, a cui partecipa senza nessuna aspettativa: non avremmo mai pensato di poter andare in finale vista la quantit\u00e0 incredibile di partecipanti&#8221;.<\/p>\n<p>&#8220;Un bel riconoscimento per Giulia, &#8211; aggiunge la sua vocal coach <b>Debora Tamagnini<\/b>. &#8211; Una bambina molto talentuosa e non solo nel canto, che studia da circa tre anni. Stupisce per come, nonostante la giovanissima et\u00e0, sappia tenere benissimo il palco, come ha dimostrato con il brano che ha portato in gara&#8221;.<\/p>\n<p><strong>Le fasi finali<\/strong> del Tour Music Fest andranno in scena al Crossroads Live Club di Roma <strong>il 29, 30 e 31 ottobre<\/strong>. In quell&#8217;occasione verranno selezionati gli artisti che accederanno alla <strong>finalissima<\/strong> all&#8217;Auditorium del Massimo di<strong> Roma, il 14 novembre<\/strong>.<\/p>\n","protected":false},"excerpt":{"rendered":"<p>Ha 9 anni e parteciper\u00e0 a Roma, dal 29 al 31 ottobre, alla fase conclusiva del pi\u00f9 grande concorso musicale europeo<\/p>\n","protected":false},"author":18599,"featured_media":0,"comment_status":"open","ping_status":"closed","sticky":false,"template":"","format":"standard","meta":{"footnotes":""},"categories":[45296,56],"tags":[120930],"class_list":["post-545572","post","type-post","status-publish","format-standard","hentry","category-copertina","category-altre","tag-tour-music-fest","post_cat_citta-savona","post_tag_personaggi-giulia-chiovelli"],"amp_validity":null,"amp_enabled":true,"_links":{"self":[{"href":"https:\/\/staging.ivg.it\/ediapi\/wp\/v2\/posts\/545572","targetHints":{"allow":["GET"]}}],"collection":[{"href":"https:\/\/staging.ivg.it\/ediapi\/wp\/v2\/posts"}],"about":[{"href":"https:\/\/staging.ivg.it\/ediapi\/wp\/v2\/types\/post"}],"author":[{"embeddable":true,"href":"https:\/\/staging.ivg.it\/ediapi\/wp\/v2\/users\/18599"}],"replies":[{"embeddable":true,"href":"https:\/\/staging.ivg.it\/ediapi\/wp\/v2\/comments?post=545572"}],"version-history":[{"count":0,"href":"https:\/\/staging.ivg.it\/ediapi\/wp\/v2\/posts\/545572\/revisions"}],"wp:attachment":[{"href":"https:\/\/staging.ivg.it\/ediapi\/wp\/v2\/media?parent=545572"}],"wp:term":[{"taxonomy":"category","embeddable":true,"href":"https:\/\/staging.ivg.it\/ediapi\/wp\/v2\/categories?post=545572"},{"taxonomy":"post_tag","embeddable":true,"href":"https:\/\/staging.ivg.it\/ediapi\/wp\/v2\/tags?post=545572"}],"curies":[{"name":"wp","href":"https:\/\/api.w.org\/{rel}","templated":true}]}}