{"id":545307,"date":"2021-10-13T15:15:55","date_gmt":"2021-10-13T13:15:55","guid":{"rendered":"https:\/\/www.ivg.it\/?p=545307"},"modified":"2021-10-13T15:15:55","modified_gmt":"2021-10-13T13:15:55","slug":"savona-2021-russo-un-regolamento-dei-beni-comuni-la-forma-piu-avanzata-di-collaborazione-con-i-cittadini","status":"publish","type":"post","link":"https:\/\/staging.ivg.it\/2021\/10\/savona-2021-russo-un-regolamento-dei-beni-comuni-la-forma-piu-avanzata-di-collaborazione-con-i-cittadini\/","title":{"rendered":"Savona 2021, Russo: &#8220;Un regolamento dei beni comuni, la forma pi\u00f9 avanzata di collaborazione con i cittadini&#8221;"},"content":{"rendered":"<p><strong>Savona<\/strong>. &#8220;Curare un&#8217;aiuola o un sentiero, creare un orto condiviso, animare uno spazio pubblico. Sono tantissimi gli esempi di gestione dei beni collettivi che possono coinvolgere cittadini o associazioni. E Savona, per come \u00e8 stata ridotta in questi 5 anni, ne ha davvero un gran bisogno. Per questo, oltre a mettere in campo tutte le azioni proprie dell&#8217;azione di governo, adotter\u00f2 anche le forme pi\u00f9 avanzate di collaborazione tra comune e cittadini, come il Regolamento dei Beni Comuni, gi\u00e0 applicato in un centinaio di realt\u00e0 italiane. E&#8217; nello spirito della mia Agenda che ha tra i suoi punti qualificanti la partecipazione attiva e il senso di appartenenza. Tutti gli esempi ci dicono che le ricadute per la collettivit\u00e0 sono notevoli&#8221;. E&#8217; la dichiarazione che il candidato sindaco di Savona Marco Russo ha rilasciato al termine dell&#8217;incontro con Alessandro Sicchiero, sindaco di Chieri (Torino), comune che ha adottato nel 2014 questo Regolamento, una sorta di patto di collaborazione cittadini-amministrazione che a Chieri (circa 30mila abitanti) ha attivato 1.102 persone.<\/p>\n<p>Ed \u00e8 proprio con le buone pratiche che Russo si confronta da tempo, andando alla ricerca di &#8220;metodi innovativi ma collaudati che aiutino Savona a rialzare la testa. Il Regolamento dei Beni comuni &#8211; ha spiegato Sicchiero &#8211; non \u00e8 un modo per un Comune di disfarsi delle responsabilit\u00e0, ma di condividerle. Prevede che l&#8217;amministrazione faccia da regista rispetto alla proposta di collaborazione che arriva dai cittadini e dia tutto il supporto possibile, dai materiali alle consulenze. Il bilancio \u00e8 estremamente positivo, perch\u00e9 &#8211; credetemi &#8211; le azioni virtuose sono generative&#8221;.<\/p>\n<p>Anche Savona \u00e8 pronta per questo nuovo modo di ragionare, Russo ne \u00e8 sicuro. &#8220;Non so pi\u00f9 quante volte &#8211; ha spiegato &#8211; mi sono sentito dire dai cittadini: &#8216;Vorremmo fare la nostra parte ma non sappiamo come&#8221;. Oppure: &#8220;Ci siamo fatti avanti ma l&#8217;amministrazione non ci ha ascoltato&#8221;. La nostra citt\u00e0 \u00e8 piena di energie che il Comune deve saper incanalare e valorizzare, perch\u00e9 sono una ricchezza inestimabile&#8221;.<\/p>\n<p>Russo ha concluso dicendo che &#8220;in questo ultimo scorcio di campagna elettorale stiamo assistendo da parte della destra a insulti e false illazioni che intossicano il clima. Potremmo rispondere con pan per focaccia. E ne avremmo da dire dopo 5 anni cos\u00ec disastrosi! Ma noi scegliamo di guardare ostinatamente al futuro, di pensare che l&#8217;interesse della citt\u00e0 sia superiore alla tentazione di dire quello che andrebbe detto. E rispondiamo, quindi, con progetti e proposte concrete e positive, come il Regolamento dei Beni Comuni. I cittadini sapranno notare le differenze&#8221;.<\/p>\n","protected":false},"excerpt":{"rendered":"<p>Il candidato sindaco: &#8220;Buon governo, tante idee positive e un Patto con la citt\u00e0. Rispondiamo cos\u00ec alla campagna tossica della destra&#8221;<\/p>\n","protected":false},"author":12120,"featured_media":0,"comment_status":"open","ping_status":"closed","sticky":false,"template":"","format":"standard","meta":{"footnotes":""},"categories":[45296,31],"tags":[107921],"class_list":["post-545307","post","type-post","status-publish","format-standard","hentry","category-copertina","category-politica","tag-savona-2021","post_cat_citta-savona","post_tag_personaggi-alessandro-sicchiero","post_tag_personaggi-marco-russo"],"amp_validity":null,"amp_enabled":true,"_links":{"self":[{"href":"https:\/\/staging.ivg.it\/ediapi\/wp\/v2\/posts\/545307","targetHints":{"allow":["GET"]}}],"collection":[{"href":"https:\/\/staging.ivg.it\/ediapi\/wp\/v2\/posts"}],"about":[{"href":"https:\/\/staging.ivg.it\/ediapi\/wp\/v2\/types\/post"}],"author":[{"embeddable":true,"href":"https:\/\/staging.ivg.it\/ediapi\/wp\/v2\/users\/12120"}],"replies":[{"embeddable":true,"href":"https:\/\/staging.ivg.it\/ediapi\/wp\/v2\/comments?post=545307"}],"version-history":[{"count":0,"href":"https:\/\/staging.ivg.it\/ediapi\/wp\/v2\/posts\/545307\/revisions"}],"wp:attachment":[{"href":"https:\/\/staging.ivg.it\/ediapi\/wp\/v2\/media?parent=545307"}],"wp:term":[{"taxonomy":"category","embeddable":true,"href":"https:\/\/staging.ivg.it\/ediapi\/wp\/v2\/categories?post=545307"},{"taxonomy":"post_tag","embeddable":true,"href":"https:\/\/staging.ivg.it\/ediapi\/wp\/v2\/tags?post=545307"}],"curies":[{"name":"wp","href":"https:\/\/api.w.org\/{rel}","templated":true}]}}