{"id":544286,"date":"2021-10-04T19:44:19","date_gmt":"2021-10-04T17:44:19","guid":{"rendered":"https:\/\/www.ivg.it\/?p=544286"},"modified":"2021-10-04T22:09:57","modified_gmt":"2021-10-04T20:09:57","slug":"savona-2021-russo-sulla-bassa-affluenza-bisogna-tornare-a-coinvolgere-i-cittadini-nei-momenti-cruciali","status":"publish","type":"post","link":"https:\/\/staging.ivg.it\/2021\/10\/savona-2021-russo-sulla-bassa-affluenza-bisogna-tornare-a-coinvolgere-i-cittadini-nei-momenti-cruciali\/","title":{"rendered":"Savona 2021, Russo sulla bassa affluenza: &#8220;Bisogna tornare a coinvolgere i cittadini nei momenti cruciali&#8221;"},"content":{"rendered":"<p><strong>Savona<\/strong>. L&#8217;alluvione di oggi e la scarsa affluenza. Sono questi, al momento, i primi due pensieri di Marco Russo, candidato sindaco di Savona che sta seguendo passo a passo lo spoglio delle schede elettorali tuttora in corso nella citt\u00e0 della Torretta.<\/p>\n<p>Il primo pensiero del leader della coalizione di centrosinistra va \u201cagli eventi alluvionali che hanno sconvolto non solo la citt\u00e0 ma l&#8217;intera provincia, quindi a coloro che hanno subito danni, disagi, alla fragilit\u00e0 del territorio e alla necessit\u00e0 di porvi rimedio e fare tutto il possibile perch\u00e9 fatti del genere non si verifichino pi\u00f9\u201d.<\/p>\n<p>C&#8217;\u00e8 poi da fare i conti con \u201cil dato dell&#8217;affluenza molto basso. E&#8217; certamente condizionato dall&#8217;allerta, ma ci\u00f2 denota anche una disaffezione alla politica che \u00e8 un problema di cui tutti coloro che hanno un ruolo politico devono farsi carico. Affinch\u00e9 i cittadini tornino ad interessarsi, a sentirsi coinvolti nei momenti cruciali nei quali si decide il futuro della loro citt\u00e0\u201d.<\/p>\n<p>Per quanto riguarda invece l&#8217;attuale conta dei voti, che al momento lo vede in vantaggio sul suo competitor pi\u00f9 accreditato, Angelo Schirru, Russo non si sbilancia: \u201cPer tutti gli altri aspetti desidero rinviare ogni valutazione a quando i dati saranno pi\u00f9 certi\u201d.<\/p>\n","protected":false},"excerpt":{"rendered":"<p>Un altro pensiero va &#8220;agli eventi alluvionali che hanno sconvolto non solo la citt\u00e0 ma l&#8217;intera provincia, quindi a coloro che hanno subito danni, disagi, alla fragilit\u00e0 del territorio&#8221;<\/p>\n","protected":false},"author":12120,"featured_media":0,"comment_status":"open","ping_status":"closed","sticky":false,"template":"","format":"standard","meta":{"footnotes":""},"categories":[45296,31],"tags":[120817,107921],"class_list":["post-544286","post","type-post","status-publish","format-standard","hentry","category-copertina","category-politica","tag-allerta-meteo-4-ottobre-2021","tag-savona-2021","post_cat_citta-savona","post_tag_personaggi-marco-russo"],"amp_validity":null,"amp_enabled":true,"_links":{"self":[{"href":"https:\/\/staging.ivg.it\/ediapi\/wp\/v2\/posts\/544286","targetHints":{"allow":["GET"]}}],"collection":[{"href":"https:\/\/staging.ivg.it\/ediapi\/wp\/v2\/posts"}],"about":[{"href":"https:\/\/staging.ivg.it\/ediapi\/wp\/v2\/types\/post"}],"author":[{"embeddable":true,"href":"https:\/\/staging.ivg.it\/ediapi\/wp\/v2\/users\/12120"}],"replies":[{"embeddable":true,"href":"https:\/\/staging.ivg.it\/ediapi\/wp\/v2\/comments?post=544286"}],"version-history":[{"count":0,"href":"https:\/\/staging.ivg.it\/ediapi\/wp\/v2\/posts\/544286\/revisions"}],"wp:attachment":[{"href":"https:\/\/staging.ivg.it\/ediapi\/wp\/v2\/media?parent=544286"}],"wp:term":[{"taxonomy":"category","embeddable":true,"href":"https:\/\/staging.ivg.it\/ediapi\/wp\/v2\/categories?post=544286"},{"taxonomy":"post_tag","embeddable":true,"href":"https:\/\/staging.ivg.it\/ediapi\/wp\/v2\/tags?post=544286"}],"curies":[{"name":"wp","href":"https:\/\/api.w.org\/{rel}","templated":true}]}}