{"id":543516,"date":"2021-09-29T08:52:35","date_gmt":"2021-09-29T06:52:35","guid":{"rendered":"https:\/\/www.ivg.it\/?p=543516"},"modified":"2021-09-29T08:59:44","modified_gmt":"2021-09-29T06:59:44","slug":"savona-2021-il-candidato-sindaco-francesco-versace-ha-incontrato-il-leader-de-la-buona-destra-filippo-rossi","status":"publish","type":"post","link":"https:\/\/staging.ivg.it\/2021\/09\/savona-2021-il-candidato-sindaco-francesco-versace-ha-incontrato-il-leader-de-la-buona-destra-filippo-rossi\/","title":{"rendered":"Savona 2021, il candidato sindaco Francesco Versace ha incontrato il leader de &#8220;La Buona Destra&#8221; Filippo Rossi"},"content":{"rendered":"<p><strong>Savona.<\/strong> Francesco Versace (Savona Popolare), candidato sindaco alle prossime comunali, ha incontrato il leader de &#8220;La Buona Destra&#8221; Filippo Rossi a Savona per dimostrare anche l&#8217;appoggio del neonato movimento politico nazionale al noto medico savonese.<\/p>\n<p>&#8220;La Buona Destra &#8211; ricordano &#8211; si prefigge l&#8217;obiettivo di &#8216;scardinare il sistema delle alleanze di ferro, delle alleanze strategiche&#8217; ponendosi come alternativa alla destra attuale ed appoggiando per questo le candidature &#8216;libere&#8217; come quella del dottor Versace a Savona&#8221;. Il quale ha colto l&#8217;occasione per ricordare &#8220;quanto sia importante conoscere approfonditamente le varie realt\u00e0 savonesi per poter governare la citt\u00e0 in maniera costruttiva e realistica partendo, ad esempio dal problema sporcizia&#8221;.<\/p>\n<p>&#8220;Savona, ad oggi &#8211; ha detto Versace &#8211; \u00e8 una citt\u00e0 che necessita subito di un importante impegno dal punto di vista ambientale, la pulizia \u00e8 la prima cosa. Va poi riorganizzata la viabilit\u00e0 con grande attenzione alla pedonalizzazione di molte vie che non possono e non devono pi\u00f9 &#8216;sopportare&#8217; il traffico pesante che le attraversa attualmente, come via Paleocapa, vero e proprio salotto cittadino, ma non solo; anche il decoro, di fatto, a Savona non esiste pi\u00f9, giardini, aree attrezzate con giochi per i bambini, tutto questo e molto altro ormai a Savona manca del tutto oppure \u00e8 da reimpostare quasi completamente. Savona deve essere resa pi\u00f9 vivibile ma anche pi\u00f9 bella per i savonesi!&#8221;.<\/p>\n<p>Versace ha poi ricordato quanto il gruppo che forma la lista Savona Popolare sia &#8220;coeso, indipendente, autonomo e moderato, formato da persone giovani, capaci e determinate, l&#8217;unica vera alternativa al ritorno della vecchia gestione amministrativa per la citt\u00e0&#8221;.<\/p>\n<p>Una &#8220;buona politica &#8211; ha aggiunto Filippo Rossi &#8211; che \u00e8 possibile raggiungere solo attraverso una scelta terza e moderata come quella fatta da Versace a Savona&#8221;.<\/p>\n<p>&#8220;Ci impegneremo per Savona e cercheremo di portare risultati concreti lavorando seriamente per il bene e il futuro della citt\u00e0 senza urlare e senza tante chiacchiere. Questo \u00e8 il nostro obiettivo, insieme possiamo&#8221; ha concluso Versace.<\/p>\n","protected":false},"excerpt":{"rendered":"<p>Obiettivo &#8220;scardinare il sistema delle alleanze di ferro, delle alleanze strategiche ponendosi come alternativa alla destra attuale&#8221;<\/p>\n","protected":false},"author":10593,"featured_media":0,"comment_status":"open","ping_status":"closed","sticky":false,"template":"","format":"standard","meta":{"footnotes":""},"categories":[31],"tags":[107921],"class_list":["post-543516","post","type-post","status-publish","format-standard","hentry","category-politica","tag-savona-2021","post_cat_citta-savona","post_tag_personaggi-francesco-versace"],"amp_validity":null,"amp_enabled":true,"_links":{"self":[{"href":"https:\/\/staging.ivg.it\/ediapi\/wp\/v2\/posts\/543516","targetHints":{"allow":["GET"]}}],"collection":[{"href":"https:\/\/staging.ivg.it\/ediapi\/wp\/v2\/posts"}],"about":[{"href":"https:\/\/staging.ivg.it\/ediapi\/wp\/v2\/types\/post"}],"author":[{"embeddable":true,"href":"https:\/\/staging.ivg.it\/ediapi\/wp\/v2\/users\/10593"}],"replies":[{"embeddable":true,"href":"https:\/\/staging.ivg.it\/ediapi\/wp\/v2\/comments?post=543516"}],"version-history":[{"count":0,"href":"https:\/\/staging.ivg.it\/ediapi\/wp\/v2\/posts\/543516\/revisions"}],"wp:attachment":[{"href":"https:\/\/staging.ivg.it\/ediapi\/wp\/v2\/media?parent=543516"}],"wp:term":[{"taxonomy":"category","embeddable":true,"href":"https:\/\/staging.ivg.it\/ediapi\/wp\/v2\/categories?post=543516"},{"taxonomy":"post_tag","embeddable":true,"href":"https:\/\/staging.ivg.it\/ediapi\/wp\/v2\/tags?post=543516"}],"curies":[{"name":"wp","href":"https:\/\/api.w.org\/{rel}","templated":true}]}}