{"id":543008,"date":"2021-09-24T15:25:06","date_gmt":"2021-09-24T13:25:06","guid":{"rendered":"https:\/\/www.ivg.it\/?p=543008"},"modified":"2021-09-24T15:25:31","modified_gmt":"2021-09-24T13:25:31","slug":"spettacoli-fiere-fumetti-laboratori-creativi-un-piacevole-sabato-di-eventi-in-provincia","status":"publish","type":"post","link":"https:\/\/staging.ivg.it\/2021\/09\/spettacoli-fiere-fumetti-laboratori-creativi-un-piacevole-sabato-di-eventi-in-provincia\/","title":{"rendered":"Spettacoli, fiere, fumetti, laboratori creativi: un piacevole sabato di eventi in provincia"},"content":{"rendered":"<p>La nota cuoca newyorkese Isa Chandra Moskowitz ha dichiarato di adorare l&#8217;autunno per &#8220;la sua variet\u00e0 di verdure da abbinare in piatti deliziosi&#8221;. Noi amanti della prima ora del sabato in provincia adoriamo l&#8217;autunno per la sua generosa &#8220;offerta&#8221; di buon vivere e l&#8217;ozioso relax che segnano il cambiamento di genere degli <a href=\"http:\/\/www.ivg.it\/cosa-fare-savona\/\">eventi<\/a> di questo periodo. Alla ripresa delle messe in scena teatrali al chiuso si affiancano infatti le fiere di stagione, mercatini unici, attivit\u00e0 &#8220;extracurricolari&#8221; per bambini e ragazzi e quant&#8217;altro l&#8217;agenda di IVG.it voglia proporci.<\/p>\n<p>Le arti dello spettacolo e della musica di qualit\u00e0 s&#8217;intrecceranno a <strong>Savona<\/strong> nel <a href=\"https:\/\/www.ivg.it\/evento\/savona-spettacolo-e-musica-si-intrecciano-nelloriginale-concerto-cafe-des-arts\/\">concerto &#8220;Caf\u00e9 des Arts&#8221;<\/a> offerto dall&#8217;Associazione Concertato. L&#8217;idea nasce per ricordare a tutti dell&#8217;importanza delle arti e dello spettacolo dal vivo, evocando i floridi periodi artistici della Belle Epoque e degli anni &#8217;30 tra le due guerre mondiali, in una Parigi allora culla e tappa culturale obbligatoria. &#8220;Caf\u00e9 des Arts&#8221; \u00e8 il ritorno, la memoria, l&#8217;invito a tutte le generazioni, specialmente ai giovani, a tornare a vivere dal vivo.<\/p>\n<p>In occasione della festa patronale di san Matteo il Comune di <strong>Laigueglia<\/strong> organizza la storica <a href=\"https:\/\/www.ivg.it\/evento\/a-laigueglia-torna-la-storica-fiera-s-mate-da-u-mo-e-da-a-tera\/\">&#8220;Fiera S. Mat\u00e9 da-u m\u00f2 e da-a t\u00eara&#8221;<\/a>, che si terr\u00e0 lungo un percorso che si snoda attraverso pi\u00f9 di 90 stand di espositori. Oltre ad espositori che operano nel campo delle lavorazioni della ceramica, del vetro, dei tessuti, della pietra, del legno e dei monili sono presenti aziende produttrici di tipicit\u00e0 enogastronomiche, operatori che propongono le proprie opere d\u2019arte e dell\u2019ingegno a carattere creativo e hobbisti. Inoltre l&#8217;Associazione Bagni Marini offrir\u00e0 uno <a href=\"https:\/\/www.ivg.it\/photogallery_new\/images\/2021\/09\/laigueglia-fuochi-d-artificio-settembre-2021-707853.jpg\">spettacolo pirotecnico<\/a> che sar\u00e0 visibile da tutto il litorale.<\/p>\n<p><strong>Celle Ligure<\/strong> si trasformer\u00e0 per il quattordicesimo anno in uno splendido giardino, ricco di colori e profumi grazie all&#8217;evento ortoflorovivaistico <a href=\"https:\/\/www.ivg.it\/evento\/i-colori-e-i-profumi-di-fiori-frutta-qualita-invadono-il-centro-storico-di-celle-ligure\/\">&#8220;Fiori Frutta Qualit\u00e0&#8221;<\/a>. Una full immersion per conoscere e apprezzare la migliore selezione di piante da vivaio e i metodi naturali per coltivarle. Circa 100 selezionati espositori animeranno un insolito percorso in cui si potranno osservare, apprezzare e acquistare piante poco note da orto e da frutto, rare, insolite e curiose. Non mancheranno proposte di sementi, bulbi, attrezzature per il giardinaggio, vasellame, editoria specializzata, arredo da giardino, giochi e lampade ad energia solare.<\/p>\n<p>Torna il consueto appuntamento con <a href=\"https:\/\/www.ivg.it\/evento\/beyond-the-deep-space-illustratori-e-disegnatori-animano-la-decima-edizione-di-albissola-comics\/\">Albissola Comics<\/a>, il festival del fumetto che anima <strong>Albissola Marina<\/strong>. Il 2021 sar\u00e0 l&#8217;edizione del decennale e il tema portante ci proietta nella fantascienza e oltre lo spazio profondo: &#8220;Beyond the deep space&#8221; \u00e8 infatti il titolo della mostra che riunir\u00e0 un nutrito gruppo di illustratori e disegnatori di fantascienza. Le gallerie d\u2019arte e i laboratori di ceramica, gentilmente messi a disposizione dai proprietari, ospiteranno le prestigiose star del fumetto con mostre di disegni originali. In strettissima collaborazione con la manifestazione avr\u00e0 luogo anche la sesta edizione di <a href=\"https:\/\/www.ivg.it\/photogallery_new\/images\/2021\/09\/caricamento-temporaneo-per-contributo-xycxionxlb-705712.jpg\">&#8220;Savona Vinile&#8221;<\/a>, una delle pi\u00f9 importanti fiere per tutti gli appassionati del collezionismo musicale. Gli espositori proporranno &#8220;tonnellate&#8221; di vinile presentandosi con altissima competenza e simpatia.<\/p>\n<p>Il festival culturale &#8220;<a href=\"https:\/\/www.ivg.it\/evento\/albenga-racconta-incontri-con-autori-spettacoli-laboratori-e-storie-animate-allombra-delle-torri\/\"><strong>Albenga<\/strong> Racconta<\/a> &#8211; Storie animate all&#8217;ombra delle torri&#8221; ospiter\u00e0 per il primo anno incontri, concerti, recital, laboratori per bambini e spettacoli dal vivo. L&#8217;arte del racconto sar\u00e0 il filo conduttore degli appuntamenti con scrittori di alto profilo, musicisti e attori che daranno vita a narrazioni sussurrate, suonate e recitate che parleranno a grandi e piccoli. La manifestazione si arricchisce di un&#8217;importante iniziativa promossa nell\u2019ambito delle <a href=\"https:\/\/www.ivg.it\/tag\/giornate-europee-patrimonio\/\">Giornate Europee del Patrimonio<\/a>: l&#8217;incontro &#8220;L\u2019archeologia racconta. Antiche storie dai nuovi scavi nel complesso di San Clemente&#8221;.<\/p>\n","protected":false},"excerpt":{"rendered":"<p>Il Teatro Sacco di Savona si trasforma nel &#8220;Caf\u00e9 des Arts&#8221;. Laigueglia festeggia &#8220;S. Mat\u00e9 da-u m\u00f2 e da-a t\u00eara&#8221;<\/p>\n","protected":false},"author":11510,"featured_media":0,"comment_status":"open","ping_status":"closed","sticky":false,"template":"","format":"standard","meta":{"footnotes":""},"categories":[45296,118671],"tags":[113374,108043,35816],"class_list":["post-543008","post","type-post","status-publish","format-standard","hentry","category-copertina","category-cultura","tag-eventi-allaperto","tag-eventi-culturali","tag-eventi-weekend","post_cat_citta-albenga","post_cat_citta-albissola-marina","post_cat_citta-celle-ligure","post_cat_citta-laigueglia","post_cat_citta-savona"],"amp_validity":null,"amp_enabled":true,"_links":{"self":[{"href":"https:\/\/staging.ivg.it\/ediapi\/wp\/v2\/posts\/543008","targetHints":{"allow":["GET"]}}],"collection":[{"href":"https:\/\/staging.ivg.it\/ediapi\/wp\/v2\/posts"}],"about":[{"href":"https:\/\/staging.ivg.it\/ediapi\/wp\/v2\/types\/post"}],"author":[{"embeddable":true,"href":"https:\/\/staging.ivg.it\/ediapi\/wp\/v2\/users\/11510"}],"replies":[{"embeddable":true,"href":"https:\/\/staging.ivg.it\/ediapi\/wp\/v2\/comments?post=543008"}],"version-history":[{"count":0,"href":"https:\/\/staging.ivg.it\/ediapi\/wp\/v2\/posts\/543008\/revisions"}],"wp:attachment":[{"href":"https:\/\/staging.ivg.it\/ediapi\/wp\/v2\/media?parent=543008"}],"wp:term":[{"taxonomy":"category","embeddable":true,"href":"https:\/\/staging.ivg.it\/ediapi\/wp\/v2\/categories?post=543008"},{"taxonomy":"post_tag","embeddable":true,"href":"https:\/\/staging.ivg.it\/ediapi\/wp\/v2\/tags?post=543008"}],"curies":[{"name":"wp","href":"https:\/\/api.w.org\/{rel}","templated":true}]}}