{"id":542953,"date":"2021-09-23T18:28:57","date_gmt":"2021-09-23T16:28:57","guid":{"rendered":"https:\/\/www.ivg.it\/?p=542953"},"modified":"2021-09-23T18:35:46","modified_gmt":"2021-09-23T16:35:46","slug":"savona-2021-il-candidato-sindaco-francesco-versace-incontra-il-terzo-settore","status":"publish","type":"post","link":"https:\/\/staging.ivg.it\/2021\/09\/savona-2021-il-candidato-sindaco-francesco-versace-incontra-il-terzo-settore\/","title":{"rendered":"Savona 2021, il candidato sindaco Francesco Versace incontra il Terzo Settore"},"content":{"rendered":"<p><strong>Savona.<\/strong> Il candidato sindaco Francesco Versace ha incontrato i rappresentanti del Terzo Settore a Savona, ascoltando le loro proposte e richieste legate, ad esempio, alla costituzione di una regia comprensoriale capace di poter gestire i fabbisogni del territorio in maniera pi\u00f9 cooperativa, ma anche alla necessit\u00e0 di un dialogo strutturato con la futura amministrazione a favore di una migliore gestione della citt\u00e0.<\/p>\n<p>Altro punto considerato particolarmente importante dai rappresentanti presenti all&#8217;incontro, \u00e8 stato quello relativo al lavoro da fare in merito ai vari bandi e fondi accessibili attraverso, magari, la creazione di un Soggetto a doc in grado di raccogliere e gestire per mezzo di una connessione diretta tutti gli ambiti del sociale.<\/p>\n<p>Tra i vari problemi di cui la nuova amministrazione dovrebbe occuparsi secondo i responsabili savonesi del Terzo Settore sottoposti all&#8217;attenzione del dottor Versace, c&#8217;\u00e8 stato poi quello importante delle barriere architettoniche, in molti casi ancora presenti in citt\u00e0, &#8220;un tema che sta da sempre a cuore al candidato sindaco di Savona Popolare, a favore del quale si \u00e8 gi\u00e0 battuto in passato ricordando come la Commissione appositamente costituita si sia riunita soltanto due o tre volte spiegando ai presenti la sua idea di politica condivisa e partecipata, che deve essere necessariamente strutturata per poter giungere ai risultati di cui Savona adesso ha bisogno&#8221;.<\/p>\n","protected":false},"excerpt":{"rendered":"<p>Tra i vari temi affrontati anche quello delle barriere architettoniche <\/p>\n","protected":false},"author":17962,"featured_media":0,"comment_status":"open","ping_status":"closed","sticky":false,"template":"","format":"standard","meta":{"footnotes":""},"categories":[45296],"tags":[107921],"class_list":["post-542953","post","type-post","status-publish","format-standard","hentry","category-copertina","tag-savona-2021","post_cat_citta-savona","post_tag_personaggi-francesco-versace"],"amp_validity":null,"amp_enabled":true,"_links":{"self":[{"href":"https:\/\/staging.ivg.it\/ediapi\/wp\/v2\/posts\/542953","targetHints":{"allow":["GET"]}}],"collection":[{"href":"https:\/\/staging.ivg.it\/ediapi\/wp\/v2\/posts"}],"about":[{"href":"https:\/\/staging.ivg.it\/ediapi\/wp\/v2\/types\/post"}],"author":[{"embeddable":true,"href":"https:\/\/staging.ivg.it\/ediapi\/wp\/v2\/users\/17962"}],"replies":[{"embeddable":true,"href":"https:\/\/staging.ivg.it\/ediapi\/wp\/v2\/comments?post=542953"}],"version-history":[{"count":0,"href":"https:\/\/staging.ivg.it\/ediapi\/wp\/v2\/posts\/542953\/revisions"}],"wp:attachment":[{"href":"https:\/\/staging.ivg.it\/ediapi\/wp\/v2\/media?parent=542953"}],"wp:term":[{"taxonomy":"category","embeddable":true,"href":"https:\/\/staging.ivg.it\/ediapi\/wp\/v2\/categories?post=542953"},{"taxonomy":"post_tag","embeddable":true,"href":"https:\/\/staging.ivg.it\/ediapi\/wp\/v2\/tags?post=542953"}],"curies":[{"name":"wp","href":"https:\/\/api.w.org\/{rel}","templated":true}]}}