{"id":542682,"date":"2021-09-21T19:03:22","date_gmt":"2021-09-21T17:03:22","guid":{"rendered":"https:\/\/www.ivg.it\/?p=542682"},"modified":"2021-09-21T19:16:47","modified_gmt":"2021-09-21T17:16:47","slug":"in-aumento-gli-infortuni-sul-lavoro-83-rossetti-e-garibaldi-pd-formazione-e-prevenzione","status":"publish","type":"post","link":"https:\/\/staging.ivg.it\/2021\/09\/in-aumento-gli-infortuni-sul-lavoro-83-rossetti-e-garibaldi-pd-formazione-e-prevenzione\/","title":{"rendered":"In aumento gli infortuni sul lavoro (+8,3%). Rossetti e Garibaldi (Pd): &#8220;Formazione e prevenzione&#8221;"},"content":{"rendered":"<p><strong>Liguria.<\/strong> Il Consiglio regionale ha approvato all\u2019unanimit\u00e0 un ordine del giorno, presentato da Sergio Rossetti (Pd-Articolo Uno) e sottoscritto da tutti i gruppi, che impegna la giunta ad attivarsi affinch\u00e9 il \u201cComitato regionale di coordinamento in materia di sicurezza e salute sui luoghi di lavoro\u201d venga convocato e fatto funzionare regolarmente al fine di provvedere alle valutazioni urgenti e alle conseguenti decisioni da assumere a livello ligure. <\/p>\n<p>Nel documento si ricorda che Inail ha rilevato che le denunce di infortunio presentate nei primi sette mesi dell\u2019anno sono state 312 mila, quasi l\u20198,3% in pi\u00f9 rispetto allo stesso periodo del 2020.<\/p>\n<p>&#8220;Bisogna attivare il Comitato di coordinamento in materia di sicurezza e salute sui luoghi di lavoro e farlo funzionare regolarmente per provvedere alle decisioni urgenti da prendere su questo tema a carattere regionale&#8221;, cos\u00ec il consigliere regionale del Partito Democratico Pippo Rossetti, primo firmatario dell&#8217;ordine del giorno presentato oggi in Consiglio regionale e approvato all&#8217;unanimit\u00e0 sulla sicurezza sul lavoro, dopo l&#8217;incidente mortale avvenuto a Genova, dove un uomo ha perso la vita mentre lavorava, cadendo da un ponteggio.<\/p>\n<p>&#8220;Le stesse organizzazioni sindacali liguri si sono subito mobilitate a seguito dell&#8217;ennesima tragedia con un&#8217;azione di sciopero e  hanno ottenuto dal Prefetto un tavolo tecnico per far fronte agli infortuni e agli incidenti mortali sul lavoro. Nel 2021 secondo l&#8217;Inail le denunce di infortunio sul lavoro entro il mese di luglio sono state 312.762, quasi 24mila in pi\u00f9 rispetto allo stesso periodo del 2020&#8221;, spiega Rossetti.<\/p>\n<p>&#8220;Il comitato regionale di coordinamento in materia di sicurezza e salute \u2013 di cui fanno parte anche i rappresentanti degli enti locali e delle autorit\u00e0 aventi competenze diversificate in materia, oltre a rappresentanti delle Parti Sociali &#8211; non \u00e8 convocato da almeno due anni, mentre in precedenza svolgeva riunioni pi\u00f9 volte all&#8217;anno. La sua riattivazione, vista anche l&#8217;ampia composizione, garantirebbe di affrontare il tema della salute e della sicurezza sul lavoro in tutti i suoi aspetti realizzando il necessario coordinamento&#8221;.<\/p>\n<p>&#8220;Bisogna convocare un tavolo per avviare un percorso di condivisione di linee d&#8217;azione e provvedimenti per il rilancio dello sviluppo e dell&#8217;occupazione da concretizzarsi nel Patto per il lavoro e per il clima&#8221;, aggiunge il capogruppo del Partito Democratico Luca Garibaldi, primo firmatario di un altro Ordine del giorno sulla tutela della salute e la sicurezza dei lavoratori in Liguria. <\/p>\n<p>&#8220;E&#8217; necessario \u2013 prosegue Garibaldi &#8211; creare un protocollo d&#8217;intesa regionale che ponga sul tema azioni concrete di informazione, formazione e sensibilizzazione sul tema delle morti bianche. E bisogna sviluppare compiutamente una medicina del lavoro adeguata e strutturata, in grado di prevenire gli infortuni, formando le aziende e i lavoratori e creando un percorso di collaborazione tra il mondo delle imprese, le rappresentanze dei lavoratori e le istituzioni per far crescere una cultura della sicurezza, che sappia garantire misure di difesa e attuare un monitoraggio attento delle condizioni psicofisiche dei lavoratori&#8221;.<\/p>\n","protected":false},"excerpt":{"rendered":"<p>Approvato all&#8217;unanimit\u00e0 l&#8217;ordine del giorno per riattivare e rendere funzionale il Comitato regionale sulla sicurezza nei luoghi di lavoro<\/p>\n","protected":false},"author":4,"featured_media":0,"comment_status":"open","ping_status":"closed","sticky":false,"template":"","format":"standard","meta":{"footnotes":""},"categories":[45296,31],"tags":[1752,14310],"class_list":["post-542682","post","type-post","status-publish","format-standard","hentry","category-copertina","category-politica","tag-consiglio-regionale","tag-sicurezza-sul-lavoro","post_tag_personaggi-luca-garibaldi","post_tag_personaggi-sergio-rossetti"],"amp_validity":null,"amp_enabled":true,"_links":{"self":[{"href":"https:\/\/staging.ivg.it\/ediapi\/wp\/v2\/posts\/542682","targetHints":{"allow":["GET"]}}],"collection":[{"href":"https:\/\/staging.ivg.it\/ediapi\/wp\/v2\/posts"}],"about":[{"href":"https:\/\/staging.ivg.it\/ediapi\/wp\/v2\/types\/post"}],"author":[{"embeddable":true,"href":"https:\/\/staging.ivg.it\/ediapi\/wp\/v2\/users\/4"}],"replies":[{"embeddable":true,"href":"https:\/\/staging.ivg.it\/ediapi\/wp\/v2\/comments?post=542682"}],"version-history":[{"count":0,"href":"https:\/\/staging.ivg.it\/ediapi\/wp\/v2\/posts\/542682\/revisions"}],"wp:attachment":[{"href":"https:\/\/staging.ivg.it\/ediapi\/wp\/v2\/media?parent=542682"}],"wp:term":[{"taxonomy":"category","embeddable":true,"href":"https:\/\/staging.ivg.it\/ediapi\/wp\/v2\/categories?post=542682"},{"taxonomy":"post_tag","embeddable":true,"href":"https:\/\/staging.ivg.it\/ediapi\/wp\/v2\/tags?post=542682"}],"curies":[{"name":"wp","href":"https:\/\/api.w.org\/{rel}","templated":true}]}}