{"id":542656,"date":"2021-09-21T16:34:51","date_gmt":"2021-09-21T14:34:51","guid":{"rendered":"https:\/\/www.ivg.it\/?p=542656"},"modified":"2021-09-21T16:34:51","modified_gmt":"2021-09-21T14:34:51","slug":"primo-anno-del-toti-bis-in-regione-piano-sanitario-rilancio-economico-e-del-turismo","status":"publish","type":"post","link":"https:\/\/staging.ivg.it\/2021\/09\/primo-anno-del-toti-bis-in-regione-piano-sanitario-rilancio-economico-e-del-turismo\/","title":{"rendered":"Primo anno del Toti-bis in Regione: &#8220;Piano sanitario, rilancio economico e del turismo&#8221;"},"content":{"rendered":"<p><strong>Liguria.<\/strong> &#8220;Chiudiamo il primo anno di mandato con la consapevolezza di essere riusciti ad affrontare a testa alta la pandemia, garantendo un alto livello del nostro servizio regionale e salvaguardando in ogni modo la salute dei liguri&#8221;. <\/p>\n<p>Lo ha detto oggi il presidente della Regione Liguria Giovanni Toti presentando il suo primo anno di mandato-bis alla guida dell&#8217;ente regionale dall&#8217;elezione del 21 settembre 2020.<\/p>\n<p>&#8220;Il Servizio Sanitario Regionale nonostante il periodo di grande emergenza ha raggiunto, a chiusura dell&#8217;esercizio 2020, l&#8217;obiettivo del pareggio previsto dalla legge regionale 34\/2016 a seguito dell&#8217;attivazione del piano di efficientamento con due anni di anticipo, segnando il concludersi del percorso quinquennale avviato nel 2016&#8221;. <\/p>\n<p>Toti, con riferimento alla difficile delega sulla sanit\u00e0, sar\u00e0 alla prova con il nuovo piano sanitario regionale, sostenuto dal programma Restart: un piano nell&#8217;era Covid e post Covid ambizioso sul fronte dei servizi, dell&#8217;assistenza territoriale e del futuro assetto dei plessi ospedalieri, il tutto grazie alle risorse previste per il settore, fondi sia di carattere regionale quanto nazionale.<\/p>\n<p>A livello ligure sono previsti, infatti, investimenti per 64mln di euro per riassorbire tutta la domanda sanitaria arretrata a causa della pandemia entro il primo semestre 2022 e bloccare le fughe di pazienti verso le altre regioni: potenziare la sanit\u00e0 pubblica sul fronte del personale e delle strutture e una revisione totale del sistema di regole per l\u2019esercizio intramoenia e degli standard autorizzativi per l\u2019attivit\u00e0 chirurgica in regime di day surgery e chirurgia ambulatoriale complessa. Queste le linee guida del nuovo piano.<\/p>\n<p>&#8220;Ma quest&#8217;anno oltre al Restart della Sanit\u00e0 ha visto anche il rilancio della nostra economia e del turismo, che ha sconfitto la paura della pandemia superando i numeri del 2019. Per la Liguria \u00e8 stato l&#8217;anno della rinascita e il prossimo sar\u00e0 quello della consacrazione&#8221; ha concluso Toti, che presenter\u00e0 marted\u00ec 28 settembre, alle ore 13.15, in Sala Trasparenza, alla presenza del presidente Toti, il vicepresidente Alessandro Piana e gli assessori Andrea Benveduti, Giovanni Berrino, Ilaria Cavo, Simona Ferro, Giacomo Giampedrone e Marco Scajola, il lavoro svolto dalla Giunta nell&#8217;anno di mandato dell&#8217;amministrazione regionale.<\/p>\n","protected":false},"excerpt":{"rendered":"<p>Il governatore ligure: &#8220;Per la Liguria anno della rinascita, abbiamo retto al meglio l&#8217;emergenza pandemica&#8221;<\/p>\n","protected":false},"author":4,"featured_media":0,"comment_status":"open","ping_status":"closed","sticky":false,"template":"","format":"standard","meta":{"footnotes":""},"categories":[45296,31],"tags":[119536,7604,113224],"class_list":["post-542656","post","type-post","status-publish","format-standard","hentry","category-copertina","category-politica","tag-restart-liguria","tag-piano-sanitario","tag-ripartenza","post_tag_personaggi-giovanni-toti"],"amp_validity":null,"amp_enabled":true,"_links":{"self":[{"href":"https:\/\/staging.ivg.it\/ediapi\/wp\/v2\/posts\/542656","targetHints":{"allow":["GET"]}}],"collection":[{"href":"https:\/\/staging.ivg.it\/ediapi\/wp\/v2\/posts"}],"about":[{"href":"https:\/\/staging.ivg.it\/ediapi\/wp\/v2\/types\/post"}],"author":[{"embeddable":true,"href":"https:\/\/staging.ivg.it\/ediapi\/wp\/v2\/users\/4"}],"replies":[{"embeddable":true,"href":"https:\/\/staging.ivg.it\/ediapi\/wp\/v2\/comments?post=542656"}],"version-history":[{"count":0,"href":"https:\/\/staging.ivg.it\/ediapi\/wp\/v2\/posts\/542656\/revisions"}],"wp:attachment":[{"href":"https:\/\/staging.ivg.it\/ediapi\/wp\/v2\/media?parent=542656"}],"wp:term":[{"taxonomy":"category","embeddable":true,"href":"https:\/\/staging.ivg.it\/ediapi\/wp\/v2\/categories?post=542656"},{"taxonomy":"post_tag","embeddable":true,"href":"https:\/\/staging.ivg.it\/ediapi\/wp\/v2\/tags?post=542656"}],"curies":[{"name":"wp","href":"https:\/\/api.w.org\/{rel}","templated":true}]}}