{"id":541907,"date":"2021-09-15T07:28:37","date_gmt":"2021-09-15T05:28:37","guid":{"rendered":"http:\/\/www.ivg.it\/?p=541907"},"modified":"2021-09-14T22:39:51","modified_gmt":"2021-09-14T20:39:51","slug":"scuola-al-via-con-lincognita-green-pass-nel-savonese-55-nuovi-docenti-e-791-a-tempo-determinato","status":"publish","type":"post","link":"https:\/\/staging.ivg.it\/2021\/09\/scuola-al-via-con-lincognita-green-pass-nel-savonese-55-nuovi-docenti-e-791-a-tempo-determinato\/","title":{"rendered":"Scuola al via con l&#8217;incognita green pass: nel savonese 55 nuovi docenti e 791 a tempo determinato"},"content":{"rendered":"<p><strong>Savona. <\/strong>Per una volta non saranno le carenze di personale a segnare la<strong> prima campanella dell&#8217;anno in Liguria<\/strong> che decreter\u00e0 il <a href=\"https:\/\/www.ivg.it\/2021\/09\/scuola-30-627-studenti-savonesi-in-aula-il-direttore-acerra-nuova-gestione-nella-pandemia-ma-daremo-futuro-ai-giovani\/\" target=\"_blank\" rel=\"noopener\">ritorno a scuola in presenza al 100%<\/a> per <a href=\"https:\/\/www.genova24.it\/2021\/09\/scuola-168mila-studenti-liguri-pronti-a-rientrare-in-classe-acerra-non-accontentiamoci-di-quanto-fatto-275468\/\"><strong>168.183 studenti liguri<\/strong><\/a> divisi su un totale di 8.143 classi. La maggior parte delle incognite riguarda il <em><strong>green pass<\/strong><\/em>, obbligatorio per tutto il personale ma anche per i <strong>genitori<\/strong>, in particolare quelli che vorranno assistere all&#8217;inserimento dei bimbi nelle scuole d&#8217;infanzia.<\/p>\n<p><strong>Nel savonese saranno 30.627 studenti savonesi<\/strong>\u00a0pronti al ritorno in aula e\u00a0<strong>1.508 le classi in tutto<\/strong>, stando ai dati forniti dall\u2019<strong>Ufficio Scolastico regionale<\/strong> per la nostra provincia.<\/p>\n<p>Qualche defezione per l&#8217;obbligo del green pass: &#8220;Molti <strong>si sono messi in malattia <\/strong>per evitare il provvedimento disciplinare &#8211; spiega <strong>Angelo<\/strong> <strong>Capizzi<\/strong>, riferimento genovese dell&#8217;Associazione nazionale presidi &#8211; ma tra questi la maggior parte ha presentato il\u00a0<em>green pass\u00a0<\/em>negli scorsi giorni. Contiamo 1-2 casi per scuola, non si sta manifestando come un&#8217;onda particolarmente importante&#8221;. In caso di <strong>assenze<\/strong> impreviste le scuole <strong>possono chiamare sostituti gi\u00e0 dal primo giorno<\/strong>. La sospensione per i lavoratori senza certificazione verde scatta<strong> dopo cinque giorni di assenza ingiustificata, anche non consecutivi<\/strong>.<\/p>\n<p><strong>Chi non si \u00e8 messo in malattia ha optato magari per l&#8217;aspettativa<\/strong>, in modo da non doversi presentare al lavoro fino a dicembre. Ma ci sono anche <strong>casi limite<\/strong> di difficile soluzione.<\/p>\n<p><strong>La partenza non sar\u00e0 ovunque a pieno regime<\/strong>, non solo a causa del <em>green pass <\/em>obbligatorio.\u00a0 L\u2019assessora <strong>Ilaria<\/strong> <strong>Cavo<\/strong> <a href=\"https:\/\/www.genova24.it\/2021\/09\/apertura-scuole-cavo-ripartenza-al-100-per-gli-studenti-90-per-i-docenti-275532\/\">ha assicurato<\/a> che \u201c<strong>oltre il 90% delle cattedre \u00e8 assegnato<\/strong>. Domani quindi si parte non solo con il 100% della presenza ma anche con il\u00a0<strong>90% degli insegnanti definitivi\u201d<\/strong>.<\/p>\n<p><span style=\"font-size: medium;\">Sulla <strong>situazione savonese<\/strong>: &#8220;Grazie alla informatizzazione della procedura, \u00e8 stato possibile nominare, per quello che pu\u00f2 significare il freddo dato numerico, oltre alla quota delle 1.900 nomine in ruolo regionali, ancora <strong>55 docenti in ruolo e stipulare 791 contratti a tempo determinato, di cui 324 sul sostegno<\/strong>, che saranno in servizio sin dal primo giorno di lezione. Altri se ne aggiungeranno grazie all&#8217;organico aggiuntivo che viene assegnato alle scuole, per il potenziamento delle competenze, oltre al personale ATA&#8221; afferma il <strong>Provveditore di Savona Sandro Clavarino<\/strong>.<br \/>\n<\/span><\/p>\n<p><span style=\"font-size: medium;\">&#8220;La scuola savonese pu\u00f2 dunque ripartire, guardando con impegno e fiducia al futuro, sapendo che se molto \u00e8 stato fatto, molto si pu\u00f2 ancora migliorare, lavorando tutti insieme con la prospettiva della didattica in presenza per tutti e senza abbassare la guardia sui temi del contrasto alla pandemia&#8221;.<\/span><\/p>\n<p><strong>La preoccupazione maggiore \u00e8 per le scuole d&#8217;infanzia<\/strong>: &#8220;I genitori dei bambini piccoli li accompagneranno fin davanti alla porta della classe. L&#8217;afflusso non \u00e8 paragonabile a quello dei ristoranti, negli orari di entrata e uscita \u00e8 un passaggio continuo di persone e controllare i <em>green pass <\/em>sar\u00e0 un po&#8217; problematico, soprattutto nelle giornate di pioggia. Vedremo come andr\u00e0&#8221;, chiosa Capizzi. Per il personale scolastico i controlli avverranno attraverso il <strong>software<\/strong> messo a disposizione dal ministero: a parte qualche malfunzionamento registrato negli ultimi giorni, il sistema dovrebbe reggere.<\/p>\n","protected":false},"excerpt":{"rendered":"<p>I presidi: &#8220;Siamo preoccupati per le scuole d&#8217;infanzia, difficile controllare&#8221;. Incognite del primo giorno<\/p>\n","protected":false},"author":4,"featured_media":0,"comment_status":"open","ping_status":"closed","sticky":false,"template":"","format":"standard","meta":{"footnotes":""},"categories":[45296,56],"tags":[112544],"class_list":["post-541907","post","type-post","status-publish","format-standard","hentry","category-copertina","category-altre","tag-riapertura-scuole","post_cat_citta-savona","post_tag_personaggi-sandro-claravino"],"amp_validity":null,"amp_enabled":true,"_links":{"self":[{"href":"https:\/\/staging.ivg.it\/ediapi\/wp\/v2\/posts\/541907","targetHints":{"allow":["GET"]}}],"collection":[{"href":"https:\/\/staging.ivg.it\/ediapi\/wp\/v2\/posts"}],"about":[{"href":"https:\/\/staging.ivg.it\/ediapi\/wp\/v2\/types\/post"}],"author":[{"embeddable":true,"href":"https:\/\/staging.ivg.it\/ediapi\/wp\/v2\/users\/4"}],"replies":[{"embeddable":true,"href":"https:\/\/staging.ivg.it\/ediapi\/wp\/v2\/comments?post=541907"}],"version-history":[{"count":0,"href":"https:\/\/staging.ivg.it\/ediapi\/wp\/v2\/posts\/541907\/revisions"}],"wp:attachment":[{"href":"https:\/\/staging.ivg.it\/ediapi\/wp\/v2\/media?parent=541907"}],"wp:term":[{"taxonomy":"category","embeddable":true,"href":"https:\/\/staging.ivg.it\/ediapi\/wp\/v2\/categories?post=541907"},{"taxonomy":"post_tag","embeddable":true,"href":"https:\/\/staging.ivg.it\/ediapi\/wp\/v2\/tags?post=541907"}],"curies":[{"name":"wp","href":"https:\/\/api.w.org\/{rel}","templated":true}]}}