{"id":54161,"date":"2009-03-25T19:08:02","date_gmt":"2009-03-25T18:08:02","guid":{"rendered":"http:\/\/www.ivg.it\/2009\/03\/25\/borgio-verezzi-tra-le-perle-della-liguria\/"},"modified":"2009-03-26T09:43:34","modified_gmt":"2009-03-26T08:43:34","slug":"borgio-verezzi-tra-le-perle-della-liguria","status":"publish","type":"post","link":"https:\/\/staging.ivg.it\/2009\/03\/borgio-verezzi-tra-le-perle-della-liguria\/","title":{"rendered":"Borgio Verezzi tra &#8220;Le Perle della Liguria&#8221;"},"content":{"rendered":"<p><strong>[thumb:7875:l]Borgio Verezzi.<\/strong> Anche Borgio Verezzi \u00e8 entrato a fare parte del coordinamento ligure dei Borghi pi\u00f9 belli d&#8217;Italia denominato &#8220;Le perle della Liguria&#8221;.<\/p>\n<p>Sabato 21 marzo il sindaco Giancarlo Vadora, assieme con i sindaci degli altri 17 &#8220;Borghi  pi\u00f9 belli d&#8217;Italia&#8221; liguri ha partecipato alla costituzione del coordinamento e alla presentazione del logo: una perla racchiusa in una conchiglia verde-azzurra.<\/p>\n<p>La cerimonia si \u00e8 svolta ad Apricale, alla presenza del Presidente della Regione Burlando, degli assessori regionali Morchio e Berruti, di una rappresentanza della Regione Piemonte, del coordinatore de &#8220;Le Gemme del Piemonte&#8221; e dei rappresentanti dell&#8217;associazione omologa francese de &#8220;Le Plus Beaux Village De France&#8221;.<\/p>\n<p>Nel corso della giornata sono stati siglati due documenti: l&#8217;intesa tra i coordinamenti liguri e piemontesi per la promozione &#8220;in rete&#8221; dei borghi, fondamentale preludio alla costituzione della macro regione Limonte, e il patto di amicizia tra l&#8217;insieme dei  borghi della macroregione Alpi &#8211; Mediterraneo.<\/p>\n<p>Finalit\u00e0 dell&#8217;iniziativa \u00e8 la piena collaborazione alle iniziative eventualmente intraprese da due o pi\u00f9 borghi associati dirette a promuovere il turismo, le manifestazioni e le iniziative culturali e produttive.<\/p>\n<p>Prima iniziativa in programma la presentazione congiunta de &#8220;Le Perle della Liguria&#8221; alla fiera Ecotour di Montesilvano, in Provincia di Pescara, nei prossimi giorni 19 e 21 aprile.<\/p>\n<p><strong><\/strong><\/p>\n","protected":false},"excerpt":{"rendered":"<p>[thumb:7875:l]Borgio Verezzi. Anche Borgio Verezzi \u00e8 entrato a fare parte del coordinamento ligure dei Borghi pi\u00f9 belli d&#8217;Italia denominato &#8220;Le perle della Liguria&#8221;. Sabato 21 marzo il sindaco Giancarlo Vadora, assieme con i sindaci degli altri 17 &#8220;Borghi pi\u00f9 belli d&#8217;Italia&#8221; liguri ha partecipato alla costituzione del coordinamento e alla presentazione del logo: una perla [&hellip;]<\/p>\n","protected":false},"author":13744,"featured_media":0,"comment_status":"open","ping_status":"closed","sticky":false,"template":"","format":"standard","meta":{"footnotes":""},"categories":[],"tags":[203,304,36,7924],"class_list":["post-54161","post","type-post","status-publish","format-standard","hentry","tag-borgio","tag-burlando","tag-cultura","tag-giancarlo-vadora","post_cat_citta-borgio-verezzi"],"amp_validity":null,"amp_enabled":true,"_links":{"self":[{"href":"https:\/\/staging.ivg.it\/ediapi\/wp\/v2\/posts\/54161","targetHints":{"allow":["GET"]}}],"collection":[{"href":"https:\/\/staging.ivg.it\/ediapi\/wp\/v2\/posts"}],"about":[{"href":"https:\/\/staging.ivg.it\/ediapi\/wp\/v2\/types\/post"}],"author":[{"embeddable":true,"href":"https:\/\/staging.ivg.it\/ediapi\/wp\/v2\/users\/13744"}],"replies":[{"embeddable":true,"href":"https:\/\/staging.ivg.it\/ediapi\/wp\/v2\/comments?post=54161"}],"version-history":[{"count":0,"href":"https:\/\/staging.ivg.it\/ediapi\/wp\/v2\/posts\/54161\/revisions"}],"wp:attachment":[{"href":"https:\/\/staging.ivg.it\/ediapi\/wp\/v2\/media?parent=54161"}],"wp:term":[{"taxonomy":"category","embeddable":true,"href":"https:\/\/staging.ivg.it\/ediapi\/wp\/v2\/categories?post=54161"},{"taxonomy":"post_tag","embeddable":true,"href":"https:\/\/staging.ivg.it\/ediapi\/wp\/v2\/tags?post=54161"}],"curies":[{"name":"wp","href":"https:\/\/api.w.org\/{rel}","templated":true}]}}