{"id":541203,"date":"2021-09-09T11:44:09","date_gmt":"2021-09-09T09:44:09","guid":{"rendered":"https:\/\/www.ivg.it\/?p=541203"},"modified":"2021-09-09T11:44:09","modified_gmt":"2021-09-09T09:44:09","slug":"tiro-con-larco-e-golf-due-open-day-in-liguria-per-fare-scoprire-a-tutti-i-disabili-il-fascino-e-la-passione-dello-sport","status":"publish","type":"post","link":"https:\/\/staging.ivg.it\/2021\/09\/tiro-con-larco-e-golf-due-open-day-in-liguria-per-fare-scoprire-a-tutti-i-disabili-il-fascino-e-la-passione-dello-sport\/","title":{"rendered":"Tiro con l&#8217;arco e golf, due open day in Liguria per fare scoprire a tutti i disabili il fascino e la passione dello sport"},"content":{"rendered":"<p><strong>Liguria. Due appuntamenti<\/strong> rivolti a tutti gli <strong>infortunati Inail<\/strong> e non solo per far scoprire <strong>passione<\/strong>, fascino e tecniche di due sport amati dagli italiani: i successi nelle <strong>paralimpiadi<\/strong> hanno riporto al centro dell&#8217;attenzione <strong>l&#8217;importanza<\/strong> dello <strong>sport<\/strong> per le <strong>persone disabili<\/strong>. I due open day sono organizzati dal Comitato italiano Paralimpico della Liguria, <strong>Inail<\/strong> e <strong>SuperAbile<\/strong>.<\/p>\n<p>Si parte con il <strong>tiro dell&#8217;arco<\/strong>, l&#8217;obiettivo \u00e8 fare scoprire a tutti il <strong>fascino<\/strong> di una disciplina dall&#8217;alto valore <strong>inclusivo<\/strong>. Gli assistiti potranno sperimentare la disciplina del tiro dell&#8217;arco e richiedere in seguito <strong>l&#8217;attivazione<\/strong> <strong>di corsi<\/strong> di avviamento organizzati dal Cip-Inail.<\/p>\n<p>Il programma prevede alle <strong>ore 9:30<\/strong> il ritrovo presso la struttura A.B.G A.S.D. in corso <strong>Montegrappa<\/strong> 130 R a Genova. Alle 9:45 \u00e8 prevista la distribuzione delle magliette e dei gadget. Alle ore 10:15 <strong>l&#8217;inizio<\/strong> delle attivit\u00e0. Alle ore 13:00 la pausa pranzo. Poi dalle 14:30 alle 17 l&#8217;attivit\u00e0 pomeridiana. L&#8217;attrezzatura sportiva \u00e8 <strong>messa a disposizione<\/strong> dell&#8217;associazione sportiva.<\/p>\n<p>L&#8217;evento si svolger\u00e0 nel rispetto delle <strong>misure<\/strong> di sicurezza: per accedere alla struttura sar\u00e0 <strong>rilevata<\/strong> la temperatura, sar\u00e0 obbligatorio l&#8217;uso della <strong>mascherina<\/strong>, saranno presenti dispenser per l&#8217;igienizzazione delle mani e verr\u00e0 fatta sottoscrivere apposita autocertificazione. Secondo la normativa GDPR con le nuove regole anti Covid-19 in vigore, per la partecipazione all&#8217;open day \u00e8 richiesto il green pass o il tampone negativo effettuato entro le 48 ore precedenti all&#8217;evento.<\/p>\n<p>Il <strong>secondo<\/strong> open day in programma \u00e8 fissato per sabato <strong>25 settembre al Golf club<\/strong> di Albisola. Anche in questo caso i partecipanti, divisi in gruppo, potranno prendere visione e giocare a golf lungo il campo imparando e scoprendo le tecniche di gioco con gli esperti del settore. Un modo per avvicinare tutti gli infortunati Inail alla scoperta dello sport e all&#8217;importanza dell&#8217;inclusione sociale.<\/p>\n","protected":false},"excerpt":{"rendered":"<p>Il primo appuntamento, sabato 18 settembre a Genova, col tiro con l&#8217;arco. La settimana successiva, sabato 25 settembre, al Golf Club di Albisola Superiore <\/p>\n","protected":false},"author":19459,"featured_media":0,"comment_status":"open","ping_status":"closed","sticky":false,"template":"","format":"standard","meta":{"footnotes":""},"categories":[45296,42377,32],"tags":[219,120611,18877,12071],"class_list":["post-541203","post","type-post","status-publish","format-standard","hentry","category-copertina","category-altri-sport","category-sport","tag-golf","tag-golf-albisola","tag-sport-paralimpico","tag-tiro-con-larco","post_cat_citta-albisola-superiore","post_cat_citta-albissola-marina","post_cat_citta-genova"],"amp_validity":null,"amp_enabled":true,"_links":{"self":[{"href":"https:\/\/staging.ivg.it\/ediapi\/wp\/v2\/posts\/541203","targetHints":{"allow":["GET"]}}],"collection":[{"href":"https:\/\/staging.ivg.it\/ediapi\/wp\/v2\/posts"}],"about":[{"href":"https:\/\/staging.ivg.it\/ediapi\/wp\/v2\/types\/post"}],"author":[{"embeddable":true,"href":"https:\/\/staging.ivg.it\/ediapi\/wp\/v2\/users\/19459"}],"replies":[{"embeddable":true,"href":"https:\/\/staging.ivg.it\/ediapi\/wp\/v2\/comments?post=541203"}],"version-history":[{"count":0,"href":"https:\/\/staging.ivg.it\/ediapi\/wp\/v2\/posts\/541203\/revisions"}],"wp:attachment":[{"href":"https:\/\/staging.ivg.it\/ediapi\/wp\/v2\/media?parent=541203"}],"wp:term":[{"taxonomy":"category","embeddable":true,"href":"https:\/\/staging.ivg.it\/ediapi\/wp\/v2\/categories?post=541203"},{"taxonomy":"post_tag","embeddable":true,"href":"https:\/\/staging.ivg.it\/ediapi\/wp\/v2\/tags?post=541203"}],"curies":[{"name":"wp","href":"https:\/\/api.w.org\/{rel}","templated":true}]}}