{"id":541114,"date":"2021-09-08T15:38:20","date_gmt":"2021-09-08T13:38:20","guid":{"rendered":"https:\/\/www.ivg.it\/?p=541114"},"modified":"2021-09-08T15:40:36","modified_gmt":"2021-09-08T13:40:36","slug":"eccellenza-lorenzo-carocci-passa-dal-quilianovalleggia-alla-cairese","status":"publish","type":"post","link":"https:\/\/staging.ivg.it\/2021\/09\/eccellenza-lorenzo-carocci-passa-dal-quilianovalleggia-alla-cairese\/","title":{"rendered":"Eccellenza, Lorenzo Carocci passa dal Quiliano&#038;Valleggia alla Cairese"},"content":{"rendered":"<p><span style=\"font-size: 14pt;\">La Cairese ha comunicato di aver inserito in organico <strong>Lorenzo Carocci<\/strong>, proveniente in prestito dal Quiliano&amp;Valleggia. Classe 2000, Carocci gioca prevalentemente come terzino sinistro, ma all&#8217;occorrenza pu\u00f2 giocare anche pi\u00f9 avanti. La societ\u00e0 lo ha scelto dopo l&#8217;addio di Fabio Moretti per motivi di studio.<\/span><\/p>\n<p><span style=\"font-size: 14pt;\"><em>&#8220;Voglio ringraziare il Quiliano&amp;Valleggia<\/em> &#8211; afferma il dg <strong>Franz Laoretti<\/strong> &#8211; <em>\u00e8 una societ\u00e0 con cui c&#8217;\u00e8 un ottimo rapporto, in primis con il presidente Landucci e con il ds Marotta. Hanno capito le nostre esigenze e hanno messo al primo posto l&#8217;interesse del ragazzo, visto che era una pedina importante del loro scacchiere e visto che siamo alle soglie del campionato. Si sono dimostrati una societ\u00e0 di alto profilo&#8221;<\/em>.<\/span><\/p>\n<p><span style=\"font-size: 14pt;\"><em>&#8220;A malincuore<\/em> &#8211; commenta <strong>il ds del Quiliano&amp;Valleggia Antonio Marotta<\/strong> &#8211; <em>abbiamo deciso di privarci di Carocci. Pensiamo tuttavia che sia un ragazzo meritevole e per questo siamo felici che possa mettersi alla prova in un campionato importante come l&#8217;Eccellenza. Siamo sicuri che far\u00e0 benissimo. Perdiamo un elemento importante, vero, ma i ragazzi hanno capito l&#8217;occasione che gli si \u00e8 presentato e lo hanno salutato con grande affetto&#8221;.<\/em><\/span><\/p>\n","protected":false},"excerpt":{"rendered":"<p>Il ds quilianese Marotta: &#8220;Ci dispiace, ma era giusto non precludere questa possibilit\u00e0 a un ragazzo che la merita&#8221;<\/p>\n","protected":false},"author":19664,"featured_media":0,"comment_status":"open","ping_status":"closed","sticky":false,"template":"","format":"standard","meta":{"footnotes":""},"categories":[45296,182,32],"tags":[],"class_list":["post-541114","post","type-post","status-publish","format-standard","hentry","category-copertina","category-calcio","category-sport"],"amp_validity":null,"amp_enabled":true,"_links":{"self":[{"href":"https:\/\/staging.ivg.it\/ediapi\/wp\/v2\/posts\/541114","targetHints":{"allow":["GET"]}}],"collection":[{"href":"https:\/\/staging.ivg.it\/ediapi\/wp\/v2\/posts"}],"about":[{"href":"https:\/\/staging.ivg.it\/ediapi\/wp\/v2\/types\/post"}],"author":[{"embeddable":true,"href":"https:\/\/staging.ivg.it\/ediapi\/wp\/v2\/users\/19664"}],"replies":[{"embeddable":true,"href":"https:\/\/staging.ivg.it\/ediapi\/wp\/v2\/comments?post=541114"}],"version-history":[{"count":0,"href":"https:\/\/staging.ivg.it\/ediapi\/wp\/v2\/posts\/541114\/revisions"}],"wp:attachment":[{"href":"https:\/\/staging.ivg.it\/ediapi\/wp\/v2\/media?parent=541114"}],"wp:term":[{"taxonomy":"category","embeddable":true,"href":"https:\/\/staging.ivg.it\/ediapi\/wp\/v2\/categories?post=541114"},{"taxonomy":"post_tag","embeddable":true,"href":"https:\/\/staging.ivg.it\/ediapi\/wp\/v2\/tags?post=541114"}],"curies":[{"name":"wp","href":"https:\/\/api.w.org\/{rel}","templated":true}]}}